{"id":8349,"date":"2023-10-09T10:47:17","date_gmt":"2023-10-09T13:47:17","guid":{"rendered":"https:\/\/diariorepublica.com.ar\/web\/?p=8349"},"modified":"2023-10-09T10:47:19","modified_gmt":"2023-10-09T13:47:19","slug":"nuevo-proyecto-de-capital-rural-en-banda-de-varela","status":"publish","type":"post","link":"https:\/\/diariorepublica.com.ar\/web\/index.php\/locales\/2023\/10\/09\/nuevo-proyecto-de-capital-rural-en-banda-de-varela\/","title":{"rendered":"<strong>Nuevo Proyecto de Capital Rural en Banda de Varela<\/strong>"},"content":{"rendered":"<p>Se trata de la propuesta presentada en el marco de la convocatoria de PROCANOR (Programa de inserci\u00f3n econ\u00f3mica de los productores familiares del norte argentino) para el fortalecimiento de las actividades productivas de la Asociaci\u00f3n de Productores Frutihorticolas del Valle Central, el cual fue formulado por el equipo t\u00e9cnico del programa \u201cCapital Rural\u201d perteneciente a la Direcci\u00f3n de Desarrollo Econ\u00f3mico municipal en conjunto con la Unidad de Cambio Rural.<\/p>\n<p>El proyecto fue aprobado el pasado mi\u00e9rcoles por la Unidad de Evaluaci\u00f3n Provincial, por un total de $46.580.984, y contempla: la adquisici\u00f3n de maquinaria para la producci\u00f3n de forraje, herramientas peque\u00f1as y sembradoras, ampliaci\u00f3n del refugio de la maquinaria y terminaci\u00f3n de cocinas para el agregado de valor de 22 familias beneficiarias.<\/p>\n<p>Bibiana Herrera, tesorera de la Asociaci\u00f3n, destac\u00f3 que \u201cya tenemos las inscripciones en los diferentes organismos como rentas, AFIP, personer\u00eda jur\u00eddica y este proyecto fue so\u00f1ado por muchos para seguir creciendo como grupo lo cual no habr\u00eda sido posible sin el apoyo permanente de los t\u00e9cnicos de los programas Capital Rural y Cambio Rural\u201d<\/p>\n<p>A d\u00edas de cumplir dos a\u00f1os de inicio, el programa municipal trabaj\u00f3 en ese periodo dos ejes principales de esta primera etapa: el fortalecimiento socio-organizativo y el fortalecimiento socio-productivo. Se prev\u00e9 continuar con nuevos ejes a partir de la capitalizaci\u00f3n de las familias de productores y emprendedores locales en los aspectos comerciales y de servicios.<\/p>\n","protected":false},"excerpt":{"rendered":"<p>Se trata de la propuesta presentada en el marco de la convocatoria de PROCANOR (Programa de inserci\u00f3n econ\u00f3mica de los<\/p>\n","protected":false},"author":2,"featured_media":8350,"comment_status":"closed","ping_status":"closed","sticky":false,"template":"","format":"standard","meta":{"footnotes":"","jetpack_publicize_message":"","jetpack_publicize_feature_enabled":true,"jetpack_social_post_already_shared":true,"jetpack_social_options":{"image_generator_settings":{"template":"highway","enabled":false},"version":2}},"categories":[2],"tags":[],"class_list":["post-8349","post","type-post","status-publish","format-standard","has-post-thumbnail","hentry","category-locales"],"jetpack_publicize_connections":[],"_links":{"self":[{"href":"https:\/\/diariorepublica.com.ar\/web\/index.php\/wp-json\/wp\/v2\/posts\/8349"}],"collection":[{"href":"https:\/\/diariorepublica.com.ar\/web\/index.php\/wp-json\/wp\/v2\/posts"}],"about":[{"href":"https:\/\/diariorepublica.com.ar\/web\/index.php\/wp-json\/wp\/v2\/types\/post"}],"author":[{"embeddable":true,"href":"https:\/\/diariorepublica.com.ar\/web\/index.php\/wp-json\/wp\/v2\/users\/2"}],"replies":[{"embeddable":true,"href":"https:\/\/diariorepublica.com.ar\/web\/index.php\/wp-json\/wp\/v2\/comments?post=8349"}],"version-history":[{"count":1,"href":"https:\/\/diariorepublica.com.ar\/web\/index.php\/wp-json\/wp\/v2\/posts\/8349\/revisions"}],"predecessor-version":[{"id":8351,"href":"https:\/\/diariorepublica.com.ar\/web\/index.php\/wp-json\/wp\/v2\/posts\/8349\/revisions\/8351"}],"wp:featuredmedia":[{"embeddable":true,"href":"https:\/\/diariorepublica.com.ar\/web\/index.php\/wp-json\/wp\/v2\/media\/8350"}],"wp:attachment":[{"href":"https:\/\/diariorepublica.com.ar\/web\/index.php\/wp-json\/wp\/v2\/media?parent=8349"}],"wp:term":[{"taxonomy":"category","embeddable":true,"href":"https:\/\/diariorepublica.com.ar\/web\/index.php\/wp-json\/wp\/v2\/categories?post=8349"},{"taxonomy":"post_tag","embeddable":true,"href":"https:\/\/diariorepublica.com.ar\/web\/index.php\/wp-json\/wp\/v2\/tags?post=8349"}],"curies":[{"name":"wp","href":"https:\/\/api.w.org\/{rel}","templated":true}]}}