{"id":8363,"date":"2023-10-09T17:57:04","date_gmt":"2023-10-09T20:57:04","guid":{"rendered":"https:\/\/diariorepublica.com.ar\/web\/?p=8363"},"modified":"2023-10-09T17:57:05","modified_gmt":"2023-10-09T20:57:05","slug":"hamas-amenaza-con-matar-a-rehenes-en-respuesta-a-los-bombardeos-israelies-en-gaza","status":"publish","type":"post","link":"https:\/\/diariorepublica.com.ar\/web\/index.php\/internacionales\/2023\/10\/09\/hamas-amenaza-con-matar-a-rehenes-en-respuesta-a-los-bombardeos-israelies-en-gaza\/","title":{"rendered":"Hamas amenaza con matar a rehenes en respuesta a los bombardeos israel\u00edes en Gaza"},"content":{"rendered":"<p>El brazo armado del grupo islamista palestino Hamas dijo este lunes que matar\u00e1 a civiles que tom\u00f3 de rehenes en su reciente ataque a Israel cada vez que fuerzas israel\u00edes bombardeen objetivos en la Franja de Gaza sin previo aviso.<\/p>\n<p>Abu Obeida, portavoz de las Brigadas Ezzedin Al Qasam, el ala militar de Hamas, expres\u00f3 en un audio que la amenaza era una respuesta a los intensos ataques a\u00e9reos de Israel contra zonas civiles en la Franja de Gaza.<\/p>\n<p>\u00abHemos decidido poner fin a esto y, a partir de ahora, declaramos que cualquier ataque contra nuestra gente en sus hogares sin previo aviso se enfrentar\u00e1 lamentablemente a la ejecuci\u00f3n de uno de los rehenes civiles que tenemos\u00bb, se\u00f1al\u00f3.<\/p>\n<p>M\u00e1s temprano, en una declaraci\u00f3n en video, el canciller de Israel, Eli Cohen, advirti\u00f3 a Hamas que no da\u00f1ara a ninguno de los rehenes que fueron tomados de Israel y retenidos en Gaza, que el Gobierno israel\u00ed cifra en m\u00e1s de 100.<\/p>\n<p>Cohen\u00a0explic\u00f3\u00a0que Israel estaba comprometido a traer a los rehenes a casa \u00aben un esp\u00edritu de responsabilidad mutua\u00bb.<\/p>\n<p>\u00abExigimos a Hamas que no da\u00f1e a ninguno de los rehenes. Este crimen de guerra no ser\u00e1 perdonado\u00bb, agreg\u00f3.<\/p>\n<p>Fuente: T\u00e9lam.<\/p>\n","protected":false},"excerpt":{"rendered":"<p>El brazo armado del grupo islamista palestino Hamas dijo este lunes que matar\u00e1 a civiles que tom\u00f3 de rehenes en<\/p>\n","protected":false},"author":1,"featured_media":8364,"comment_status":"closed","ping_status":"closed","sticky":false,"template":"","format":"standard","meta":{"footnotes":"","jetpack_publicize_message":"","jetpack_publicize_feature_enabled":true,"jetpack_social_post_already_shared":true,"jetpack_social_options":{"image_generator_settings":{"template":"highway","enabled":false},"version":2}},"categories":[6],"tags":[],"class_list":["post-8363","post","type-post","status-publish","format-standard","has-post-thumbnail","hentry","category-internacionales"],"jetpack_publicize_connections":[],"_links":{"self":[{"href":"https:\/\/diariorepublica.com.ar\/web\/index.php\/wp-json\/wp\/v2\/posts\/8363"}],"collection":[{"href":"https:\/\/diariorepublica.com.ar\/web\/index.php\/wp-json\/wp\/v2\/posts"}],"about":[{"href":"https:\/\/diariorepublica.com.ar\/web\/index.php\/wp-json\/wp\/v2\/types\/post"}],"author":[{"embeddable":true,"href":"https:\/\/diariorepublica.com.ar\/web\/index.php\/wp-json\/wp\/v2\/users\/1"}],"replies":[{"embeddable":true,"href":"https:\/\/diariorepublica.com.ar\/web\/index.php\/wp-json\/wp\/v2\/comments?post=8363"}],"version-history":[{"count":1,"href":"https:\/\/diariorepublica.com.ar\/web\/index.php\/wp-json\/wp\/v2\/posts\/8363\/revisions"}],"predecessor-version":[{"id":8365,"href":"https:\/\/diariorepublica.com.ar\/web\/index.php\/wp-json\/wp\/v2\/posts\/8363\/revisions\/8365"}],"wp:featuredmedia":[{"embeddable":true,"href":"https:\/\/diariorepublica.com.ar\/web\/index.php\/wp-json\/wp\/v2\/media\/8364"}],"wp:attachment":[{"href":"https:\/\/diariorepublica.com.ar\/web\/index.php\/wp-json\/wp\/v2\/media?parent=8363"}],"wp:term":[{"taxonomy":"category","embeddable":true,"href":"https:\/\/diariorepublica.com.ar\/web\/index.php\/wp-json\/wp\/v2\/categories?post=8363"},{"taxonomy":"post_tag","embeddable":true,"href":"https:\/\/diariorepublica.com.ar\/web\/index.php\/wp-json\/wp\/v2\/tags?post=8363"}],"curies":[{"name":"wp","href":"https:\/\/api.w.org\/{rel}","templated":true}]}}