{"id":8369,"date":"2023-10-09T13:58:00","date_gmt":"2023-10-09T16:58:00","guid":{"rendered":"https:\/\/diariorepublica.com.ar\/web\/?p=8369"},"modified":"2023-10-09T17:59:15","modified_gmt":"2023-10-09T20:59:15","slug":"sofia-clerici-pidio-ser-sobreseida-y-justifico-el-viaje-con-insaurralde","status":"publish","type":"post","link":"https:\/\/diariorepublica.com.ar\/web\/index.php\/nacionales\/2023\/10\/09\/sofia-clerici-pidio-ser-sobreseida-y-justifico-el-viaje-con-insaurralde\/","title":{"rendered":"Sof\u00eda Clerici pidi\u00f3 ser sobrese\u00edda y justific\u00f3 el viaje con Insaurralde"},"content":{"rendered":"<article id=\"article-post\" class=\"first\">\n<div class=\"cuerpo\" data-twitter-link=\"https:\/\/twitter.com\/intent\/tweet?url=https:\/\/www.diariopopular.com.ar\/c746994&amp;via=poopulardiario&amp;related=Popular&amp;text=\">\n<p>La modelo\u00a0<strong>Sof\u00eda Clerici<\/strong>\u00a0pidi\u00f3 este lunes ser sobrese\u00edda en la causa por supuesto enriquecimiento il\u00edcito en la que qued\u00f3 imputada junto al exjefe de Gabinete bonaerense\u00a0<strong>Mart\u00edn Insaurralde<\/strong>, al sostener que el viaje a Marbella fue personal y que el yate era un pr\u00e9stamo de un amigo.<\/p>\n<\/div>\n<\/article>\n<article id=\"article-post\">\n<div class=\"cuerpo\" data-twitter-link=\"https:\/\/twitter.com\/intent\/tweet?url=https:\/\/www.diariopopular.com.ar\/c746994&amp;via=poopulardiario&amp;related=Popular&amp;text=\">\n<p>Clerici present\u00f3 un escrito en el juzgado federal de Lomas de Zamora que lleva la causa, a cargo del juez Ernesto Kreplak, y enfatiz\u00f3 que no quebrant\u00f3 ninguna norma penal y que las fotos subidas a sus redes sociales reflejaron un viaje personal, informaron fuentes judiciales.<\/p>\n<p>\u00abEl viaje a Marbella, Espa\u00f1a, tuvo como objetivo visitar a una hermana que vive en esa ciudad en septiembre pasado, y el barco en el cual se fotografi\u00f3 junto a Insaurralde es propiedad de un amigo personal de su pariente que lo prest\u00f3 para realizar apenas un d\u00eda de navegaci\u00f3n por el mar Mediterr\u00e1neo\u00bb, explic\u00f3.<\/p>\n<p>Tambi\u00e9n se refiri\u00f3 a los objetos que aparecen en sus im\u00e1genes en redes sociales -carteras y relojes de de lujo- y dijo que se trata de obsequios de amistades por su cumplea\u00f1os.<\/p>\n<p>La modelo agreg\u00f3 que no tiene conexi\u00f3n alguna con los hechos ni con las personas denunciadas.<\/p>\n<p>Clerici est\u00e1 imputada en la investigaci\u00f3n por presunto enriquecimiento il\u00edcito y lavado de activos junto a Insaurralde y a la exesposa de este \u00faltimo, J\u00e9sica Cirio.<\/p>\n<p>Kreplak, que subroga el Juzgado 2 de Lomas de Zamora, les pidi\u00f3 informaci\u00f3n al Banco Central, a la Comisi\u00f3n Nacional de Valores, a Migraciones, AFIP y ARBA sobre Clerici, Insaurralde y Cirio.<\/p>\n<p class=\"paragraph\">Entre los pedidos se destacan las declaraciones juradas, antecedentes de seguridad social, domicilios declarados, bienes inmuebles y automotores, saber si tienen embarcaciones o qu\u00e9 tipo de veh\u00edculos poseen, sociedades o fideicomisos que integran y operaciones bancarias, entre otros.<\/p>\n<\/div>\n<\/article>\n","protected":false},"excerpt":{"rendered":"<p>La modelo\u00a0Sof\u00eda Clerici\u00a0pidi\u00f3 este lunes ser sobrese\u00edda en la causa por supuesto enriquecimiento il\u00edcito en la que qued\u00f3 imputada junto<\/p>\n","protected":false},"author":1,"featured_media":8370,"comment_status":"closed","ping_status":"closed","sticky":false,"template":"","format":"standard","meta":{"footnotes":"","jetpack_publicize_message":"","jetpack_publicize_feature_enabled":true,"jetpack_social_post_already_shared":true,"jetpack_social_options":{"image_generator_settings":{"template":"highway","enabled":false},"version":2}},"categories":[4],"tags":[],"class_list":["post-8369","post","type-post","status-publish","format-standard","has-post-thumbnail","hentry","category-nacionales"],"jetpack_publicize_connections":[],"_links":{"self":[{"href":"https:\/\/diariorepublica.com.ar\/web\/index.php\/wp-json\/wp\/v2\/posts\/8369"}],"collection":[{"href":"https:\/\/diariorepublica.com.ar\/web\/index.php\/wp-json\/wp\/v2\/posts"}],"about":[{"href":"https:\/\/diariorepublica.com.ar\/web\/index.php\/wp-json\/wp\/v2\/types\/post"}],"author":[{"embeddable":true,"href":"https:\/\/diariorepublica.com.ar\/web\/index.php\/wp-json\/wp\/v2\/users\/1"}],"replies":[{"embeddable":true,"href":"https:\/\/diariorepublica.com.ar\/web\/index.php\/wp-json\/wp\/v2\/comments?post=8369"}],"version-history":[{"count":1,"href":"https:\/\/diariorepublica.com.ar\/web\/index.php\/wp-json\/wp\/v2\/posts\/8369\/revisions"}],"predecessor-version":[{"id":8371,"href":"https:\/\/diariorepublica.com.ar\/web\/index.php\/wp-json\/wp\/v2\/posts\/8369\/revisions\/8371"}],"wp:featuredmedia":[{"embeddable":true,"href":"https:\/\/diariorepublica.com.ar\/web\/index.php\/wp-json\/wp\/v2\/media\/8370"}],"wp:attachment":[{"href":"https:\/\/diariorepublica.com.ar\/web\/index.php\/wp-json\/wp\/v2\/media?parent=8369"}],"wp:term":[{"taxonomy":"category","embeddable":true,"href":"https:\/\/diariorepublica.com.ar\/web\/index.php\/wp-json\/wp\/v2\/categories?post=8369"},{"taxonomy":"post_tag","embeddable":true,"href":"https:\/\/diariorepublica.com.ar\/web\/index.php\/wp-json\/wp\/v2\/tags?post=8369"}],"curies":[{"name":"wp","href":"https:\/\/api.w.org\/{rel}","templated":true}]}}