{"id":8395,"date":"2023-10-10T08:05:15","date_gmt":"2023-10-10T11:05:15","guid":{"rendered":"https:\/\/diariorepublica.com.ar\/web\/?p=8395"},"modified":"2023-10-10T08:05:16","modified_gmt":"2023-10-10T11:05:16","slug":"el-gobernador-recibio-a-jovenes-deportistas-que-participaron-en-los-juegos-nacionales-evita-2023","status":"publish","type":"post","link":"https:\/\/diariorepublica.com.ar\/web\/index.php\/sociedad\/2023\/10\/10\/el-gobernador-recibio-a-jovenes-deportistas-que-participaron-en-los-juegos-nacionales-evita-2023\/","title":{"rendered":"El Gobernador recibi\u00f3 a j\u00f3venes deportistas que participaron en los Juegos Nacionales Evita 2023"},"content":{"rendered":"<p>El gobernador Ra\u00fal Jalil recibi\u00f3 a los j\u00f3venes deportistas catamarque\u00f1os que participaron en los Juegos Nacionales Evita 2023, celebrados en la ciudad de Mar del Plata d\u00edas atr\u00e1s.<\/p>\n<p>Durante la recepci\u00f3n, se realiz\u00f3 un c\u00e1lido agasajo a los j\u00f3venes deportistas, quienes compartieron sus experiencias y destacaron la importancia de representar a Catamarca en un evento de esta magnitud, que convoca a miles de atletas juveniles de todo el pa\u00eds a\u00f1o tras a\u00f1o.<\/p>\n<p>La delegaci\u00f3n de Catamarca tuvo un desempe\u00f1o sobresaliente, logrando un total de 67 medallas, compuestas por 24 en deportes convencionales y 43 en deportes adaptados.<\/p>\n<p>Guadalupe D\u00edaz, una joven ciclista, expres\u00f3 su satisfacci\u00f3n y orgullo al haber obtenido tres medallas para Catamarca, incluyendo dos de oro y una de bronce. \u201cFue una experiencia maravillosa, sobre todo porque estos fueron mis \u00faltimos Juegos Evita\u201d, coment\u00f3 la joven ciclista.<\/p>\n<p>Santiago Verasay, miembro del equipo de Gimnasia Art\u00edstica que logr\u00f3 una medalla de oro en los Evita 2023, enfatiz\u00f3: \u201cLo m\u00e1s importante es que hemos representado a Catamarca con \u00e9xito y demostrado el alto nivel deportivo que poseemos\u201d.<\/p>\n","protected":false},"excerpt":{"rendered":"<p>El gobernador Ra\u00fal Jalil recibi\u00f3 a los j\u00f3venes deportistas catamarque\u00f1os que participaron en los Juegos Nacionales Evita 2023, celebrados en<\/p>\n","protected":false},"author":1,"featured_media":8396,"comment_status":"closed","ping_status":"closed","sticky":false,"template":"","format":"standard","meta":{"footnotes":"","jetpack_publicize_message":"","jetpack_publicize_feature_enabled":true,"jetpack_social_post_already_shared":true,"jetpack_social_options":{"image_generator_settings":{"template":"highway","enabled":false},"version":2}},"categories":[3],"tags":[],"class_list":["post-8395","post","type-post","status-publish","format-standard","has-post-thumbnail","hentry","category-sociedad"],"jetpack_publicize_connections":[],"_links":{"self":[{"href":"https:\/\/diariorepublica.com.ar\/web\/index.php\/wp-json\/wp\/v2\/posts\/8395"}],"collection":[{"href":"https:\/\/diariorepublica.com.ar\/web\/index.php\/wp-json\/wp\/v2\/posts"}],"about":[{"href":"https:\/\/diariorepublica.com.ar\/web\/index.php\/wp-json\/wp\/v2\/types\/post"}],"author":[{"embeddable":true,"href":"https:\/\/diariorepublica.com.ar\/web\/index.php\/wp-json\/wp\/v2\/users\/1"}],"replies":[{"embeddable":true,"href":"https:\/\/diariorepublica.com.ar\/web\/index.php\/wp-json\/wp\/v2\/comments?post=8395"}],"version-history":[{"count":1,"href":"https:\/\/diariorepublica.com.ar\/web\/index.php\/wp-json\/wp\/v2\/posts\/8395\/revisions"}],"predecessor-version":[{"id":8397,"href":"https:\/\/diariorepublica.com.ar\/web\/index.php\/wp-json\/wp\/v2\/posts\/8395\/revisions\/8397"}],"wp:featuredmedia":[{"embeddable":true,"href":"https:\/\/diariorepublica.com.ar\/web\/index.php\/wp-json\/wp\/v2\/media\/8396"}],"wp:attachment":[{"href":"https:\/\/diariorepublica.com.ar\/web\/index.php\/wp-json\/wp\/v2\/media?parent=8395"}],"wp:term":[{"taxonomy":"category","embeddable":true,"href":"https:\/\/diariorepublica.com.ar\/web\/index.php\/wp-json\/wp\/v2\/categories?post=8395"},{"taxonomy":"post_tag","embeddable":true,"href":"https:\/\/diariorepublica.com.ar\/web\/index.php\/wp-json\/wp\/v2\/tags?post=8395"}],"curies":[{"name":"wp","href":"https:\/\/api.w.org\/{rel}","templated":true}]}}