{"id":8443,"date":"2023-10-11T07:00:00","date_gmt":"2023-10-11T10:00:00","guid":{"rendered":"https:\/\/diariorepublica.com.ar\/web\/?p=8443"},"modified":"2023-10-11T07:53:33","modified_gmt":"2023-10-11T10:53:33","slug":"diputados-convirtio-en-ley-la-reforma-de-alquileres","status":"publish","type":"post","link":"https:\/\/diariorepublica.com.ar\/web\/index.php\/nacionales\/2023\/10\/11\/diputados-convirtio-en-ley-la-reforma-de-alquileres\/","title":{"rendered":"Diputados convirti\u00f3 en ley la reforma de alquileres"},"content":{"rendered":"<p>La<strong>\u00a0C\u00e1mara de Diputados<\/strong>\u00a0convirti\u00f3 en\u00a0<strong>ley<\/strong>, por\u00a0<strong>128 contra 114 votos<\/strong>, el proyecto de<strong>\u00a0reforma de alquileres<\/strong>\u00a0con los cambios incluidos por el\u00a0<strong>Senado\u00a0<\/strong>impulsados por el F<strong>rente de Todos<\/strong>.<\/p>\n<p><strong>Los contratos entre propietarios e inquilinos se mantendr\u00e1n por tres a\u00f1os\u00a0<\/strong>y tendr\u00e1n una actualizaci\u00f3n semestral, en lugar de anual como establec\u00eda la actual norma.<\/p>\n<p>La iniciativa se aprob\u00f3 con los votos que fueron aportados por el<strong>\u00a0Frente de Todos<\/strong>, dos diputados del\u00a0<strong>Interbloque Federal<\/strong>, uno de<strong>\u00a0Juntos por Rio Negro<\/strong>\u00a0y cuatro de i<strong>zquierda<\/strong>, mientras que rechazaron la iniciativa los\u00a0<strong>libertarios, Juntos por el Cambio\u00a0<\/strong>y algunos\u00a0<strong>legisladores provinciales<\/strong>.<\/p>\n<p><strong>La iniciativa fue aprobada despu\u00e9s de las 5 de la madrugada<\/strong>\u00a0en el marco de una sesi\u00f3n marat\u00f3nica que se inici\u00f3 hoy a las 12.30 en la cual se convirti\u00f3 en la ley de violencia digital y se aprobaron los proyectos de devoluci\u00f3n del IVA, Argentina Inclusiva y de promoci\u00f3n del Gas Natural Licuado.<\/p>\n<p>Tambi\u00e9n,\u00a0<strong>el Senado modific\u00f3 el mecanismo de actualizaci\u00f3n del precio de los alquileres<\/strong>\u00a0y estableci\u00f3 que \u00ablos ajustes deber\u00e1n efectuarse utilizando un coeficiente conformado por la menor variaci\u00f3n que surja de comparar el promedio del 0,9 de la variaci\u00f3n del coeficiente de variaci\u00f3n salarial publicado por el Indec y la variaci\u00f3n del Coeficiente de Estabilizaci\u00f3n de Referencia (CER), publicado por el BCRA\u00bb.<\/p>\n<p>El texto aprobado por el Senado, adem\u00e1s, incorpor\u00f3 un \u00faltimo p\u00e1rrafo sobre el art\u00edculo 9, en el que determin\u00f3 que<strong>\u00a0\u00ablos ingresos provenientes de locaci\u00f3n de hasta dos inmuebles estar\u00e1n exentos del pago del monotributo\u00bb.\u00a0<\/strong>Tambi\u00e9n fija que cualquier\u00a0<strong>\u00abpublicidad, en cualquier medio o plataforma, que incluya precio de locaciones de inmuebles con destino habitacional debe realizarse en moneda nacional\u201d<\/strong>\u00a0y elimina la posibilidad de los pagos a inquilinos por adelantado.<\/p>\n<p>En cuanto a los beneficios impositivos los propietarios no pagar\u00e1n bienes personales sobre los inmuebles que se pongan en alquiler.\u00a0<strong>Tampoco pagar\u00e1n el impuesto al cheque en las cuentas bancarias destinadas a cobrar esos contratos que se encuentren \u00abdebidamente registrados\u00bb ante la AFIP.<\/strong><\/p>\n<div class=\"relative flex items-center justify-center\">\n<div class=\"z-10\"><\/div>\n<\/div>\n<p>Adem\u00e1s las<strong>\u00a0\u00abpartes podr\u00e1n deducir del impuesto a las Ganancias la suma equivalente al 10% del monto anual del contrato de locaci\u00f3n\u201d.<\/strong><\/p>\n<p>En cambio,\u00a0<strong>el texto con media sanci\u00f3n de Diputados establec\u00eda que los contratos de alquiler deb\u00edan tener un plazo m\u00ednimo de dos a\u00f1os, contra los tres a\u00f1os que rigen en la actualidad<\/strong>, y que los ajustes pod\u00edan hacerse cada cuatro meses con la libertad de ambas partes para elegir el mecanismo a emplear para calcular el porcentaje entre varias f\u00f3rmulas o \u00edndices.<\/p>\n","protected":false},"excerpt":{"rendered":"<p>La\u00a0C\u00e1mara de Diputados\u00a0convirti\u00f3 en\u00a0ley, por\u00a0128 contra 114 votos, el proyecto de\u00a0reforma de alquileres\u00a0con los cambios incluidos por el\u00a0Senado\u00a0impulsados por el<\/p>\n","protected":false},"author":1,"featured_media":8444,"comment_status":"closed","ping_status":"closed","sticky":false,"template":"","format":"standard","meta":{"footnotes":"","jetpack_publicize_message":"","jetpack_publicize_feature_enabled":true,"jetpack_social_post_already_shared":true,"jetpack_social_options":{"image_generator_settings":{"template":"highway","enabled":false},"version":2}},"categories":[4],"tags":[],"class_list":["post-8443","post","type-post","status-publish","format-standard","has-post-thumbnail","hentry","category-nacionales"],"jetpack_publicize_connections":[],"_links":{"self":[{"href":"https:\/\/diariorepublica.com.ar\/web\/index.php\/wp-json\/wp\/v2\/posts\/8443"}],"collection":[{"href":"https:\/\/diariorepublica.com.ar\/web\/index.php\/wp-json\/wp\/v2\/posts"}],"about":[{"href":"https:\/\/diariorepublica.com.ar\/web\/index.php\/wp-json\/wp\/v2\/types\/post"}],"author":[{"embeddable":true,"href":"https:\/\/diariorepublica.com.ar\/web\/index.php\/wp-json\/wp\/v2\/users\/1"}],"replies":[{"embeddable":true,"href":"https:\/\/diariorepublica.com.ar\/web\/index.php\/wp-json\/wp\/v2\/comments?post=8443"}],"version-history":[{"count":1,"href":"https:\/\/diariorepublica.com.ar\/web\/index.php\/wp-json\/wp\/v2\/posts\/8443\/revisions"}],"predecessor-version":[{"id":8445,"href":"https:\/\/diariorepublica.com.ar\/web\/index.php\/wp-json\/wp\/v2\/posts\/8443\/revisions\/8445"}],"wp:featuredmedia":[{"embeddable":true,"href":"https:\/\/diariorepublica.com.ar\/web\/index.php\/wp-json\/wp\/v2\/media\/8444"}],"wp:attachment":[{"href":"https:\/\/diariorepublica.com.ar\/web\/index.php\/wp-json\/wp\/v2\/media?parent=8443"}],"wp:term":[{"taxonomy":"category","embeddable":true,"href":"https:\/\/diariorepublica.com.ar\/web\/index.php\/wp-json\/wp\/v2\/categories?post=8443"},{"taxonomy":"post_tag","embeddable":true,"href":"https:\/\/diariorepublica.com.ar\/web\/index.php\/wp-json\/wp\/v2\/tags?post=8443"}],"curies":[{"name":"wp","href":"https:\/\/api.w.org\/{rel}","templated":true}]}}