{"id":8470,"date":"2023-10-11T19:06:57","date_gmt":"2023-10-11T22:06:57","guid":{"rendered":"https:\/\/diariorepublica.com.ar\/web\/?p=8470"},"modified":"2023-10-11T19:06:58","modified_gmt":"2023-10-11T22:06:58","slug":"proyectan-gran-afluencia-de-turistas-para-este-fin-de-semana-largo","status":"publish","type":"post","link":"https:\/\/diariorepublica.com.ar\/web\/index.php\/sociedad\/2023\/10\/11\/proyectan-gran-afluencia-de-turistas-para-este-fin-de-semana-largo\/","title":{"rendered":"Proyectan gran afluencia de turistas para este fin de semana largo"},"content":{"rendered":"<p style=\"font-weight: 400;\">\u00abTenemos mucha expectativa, va a ser un fin de semana interesante en el pa\u00eds y en Catamarca en particular, donde el turismo viene en franca alza\u00bb, expres\u00f3 el ministro de Cultura, Turismo y Deporte de Catamarca, Roberto Brunello en di\u00e1logo con Radio T\u00e9lam.<\/p>\n<p style=\"font-weight: 400;\">El ministro destac\u00f3 el \u00abmuy buen n\u00famero de reservas para lo que es a hoy mi\u00e9rcoles\u00bb y mencion\u00f3 que \u00aben la capital es de un 64% y un 72% promedio en toda la provincia\u00bb, se\u00f1alando adem\u00e1s que los destinos m\u00e1s consolidados como Fiambal\u00e1, Antofagasta y Bel\u00e9n tienen reservas pr\u00e1cticamente al 100% de sus alojamientos.<\/p>\n<p style=\"font-weight: 400;\">Brunello puso de relieve \u00abel trabajo conjunto\u00bb que vienen realizando las autoridades tur\u00edsticas del Ente Norte, que conforman adem\u00e1s de Catamarca las provincias de Santiago del Estero, La Rioja, Tucum\u00e1n, Salta y Jujuy.<\/p>\n<p style=\"font-weight: 400;\">Al respecto apunt\u00f3 que Catamarca ser\u00e1 en 2024 la provincia anfitriona de la segunda edici\u00f3n del Foro Provincial de Turismo, que el mes pasado se realiz\u00f3 por primera vez en Salta y reuni\u00f3 a expositores nacionales e internacionales, ante una concurrencia de unos 2000 participantes.<\/p>\n<p style=\"font-weight: 400;\">Sobre el crecimiento tur\u00edstico en Catamarca, Brunello remarc\u00f3 que resulta \u00abfundamental\u00bb el rol de los intendentes para potenciar la diversidad de propuestas que ofrece la provincia; y destac\u00f3 la \u00abdecisi\u00f3n pol\u00edtica\u00bb del gobernador Ra\u00fal Jalil para darle curso al turismo y en ese sentido ponder\u00f3 \u00ablas obras realizadas que mejoraron accesos y potenciaron regiones\u00bb.<\/p>\n","protected":false},"excerpt":{"rendered":"<p>\u00abTenemos mucha expectativa, va a ser un fin de semana interesante en el pa\u00eds y en Catamarca en particular, donde<\/p>\n","protected":false},"author":1,"featured_media":8471,"comment_status":"closed","ping_status":"closed","sticky":false,"template":"","format":"standard","meta":{"footnotes":"","jetpack_publicize_message":"","jetpack_publicize_feature_enabled":true,"jetpack_social_post_already_shared":true,"jetpack_social_options":{"image_generator_settings":{"template":"highway","enabled":false},"version":2}},"categories":[3],"tags":[],"class_list":["post-8470","post","type-post","status-publish","format-standard","has-post-thumbnail","hentry","category-sociedad"],"jetpack_publicize_connections":[],"_links":{"self":[{"href":"https:\/\/diariorepublica.com.ar\/web\/index.php\/wp-json\/wp\/v2\/posts\/8470"}],"collection":[{"href":"https:\/\/diariorepublica.com.ar\/web\/index.php\/wp-json\/wp\/v2\/posts"}],"about":[{"href":"https:\/\/diariorepublica.com.ar\/web\/index.php\/wp-json\/wp\/v2\/types\/post"}],"author":[{"embeddable":true,"href":"https:\/\/diariorepublica.com.ar\/web\/index.php\/wp-json\/wp\/v2\/users\/1"}],"replies":[{"embeddable":true,"href":"https:\/\/diariorepublica.com.ar\/web\/index.php\/wp-json\/wp\/v2\/comments?post=8470"}],"version-history":[{"count":1,"href":"https:\/\/diariorepublica.com.ar\/web\/index.php\/wp-json\/wp\/v2\/posts\/8470\/revisions"}],"predecessor-version":[{"id":8472,"href":"https:\/\/diariorepublica.com.ar\/web\/index.php\/wp-json\/wp\/v2\/posts\/8470\/revisions\/8472"}],"wp:featuredmedia":[{"embeddable":true,"href":"https:\/\/diariorepublica.com.ar\/web\/index.php\/wp-json\/wp\/v2\/media\/8471"}],"wp:attachment":[{"href":"https:\/\/diariorepublica.com.ar\/web\/index.php\/wp-json\/wp\/v2\/media?parent=8470"}],"wp:term":[{"taxonomy":"category","embeddable":true,"href":"https:\/\/diariorepublica.com.ar\/web\/index.php\/wp-json\/wp\/v2\/categories?post=8470"},{"taxonomy":"post_tag","embeddable":true,"href":"https:\/\/diariorepublica.com.ar\/web\/index.php\/wp-json\/wp\/v2\/tags?post=8470"}],"curies":[{"name":"wp","href":"https:\/\/api.w.org\/{rel}","templated":true}]}}