{"id":8473,"date":"2023-10-11T19:11:07","date_gmt":"2023-10-11T22:11:07","guid":{"rendered":"https:\/\/diariorepublica.com.ar\/web\/?p=8473"},"modified":"2023-10-11T19:11:08","modified_gmt":"2023-10-11T22:11:08","slug":"israel-prohibio-a-los-hospitales-atender-a-miembros-de-hamas","status":"publish","type":"post","link":"https:\/\/diariorepublica.com.ar\/web\/index.php\/internacionales\/2023\/10\/11\/israel-prohibio-a-los-hospitales-atender-a-miembros-de-hamas\/","title":{"rendered":"Israel prohibi\u00f3 a los hospitales atender a miembros de Hamas"},"content":{"rendered":"<p>Tras los bombardeos, asesinatos y secuestros en la Franja de Gaza, el ministro de Salud de Israel, Moshe Arbel orden\u00f3 que los\u00a0<strong>\u201cterroristas despreciables\u00bb de Hamas\u00a0<\/strong>no sean atendidos por los servicios de salud p\u00fablicos.<\/p>\n<p>El mandatario indic\u00f3 que la atenci\u00f3n de los milicianos de Hamas ser\u00e1 asunto de la FDI o del Shin Bet, el servicio de inteligencia y seguridad general interior de Israel, ya que<strong>\u00a0solo podr\u00e1n ser tratados en instalaciones militares o c\u00e1rceles<\/strong>. Arbel se comprometi\u00f3 a ayudar a los organismos en el operativo, en caso de ser necesario.<\/p>\n<p>\u00abEn estos tiempos dif\u00edciles,<strong>\u00a0el sistema de salud deber\u00eda centrarse plenamente en el tratamiento de las v\u00edctimas de la masacre criminal<\/strong>, los soldados de las Fuerzas de Defensa de Israel (FDI) y a la poblaci\u00f3n civil\u201d, afirm\u00f3 el Ministro de Salud israel\u00ed.<\/p>\n<p>Arbel argument\u00f3 su decisi\u00f3n al afirmar que \u00abEl Ministerio de Salud no tolera ninguna expresi\u00f3n de apoyo a<strong>\u00a0las horribles masacres que cobraron la vida de cientos de israel\u00edes<\/strong>\u00bb y que por ello, bajo su direcci\u00f3n, el sistema de salud p\u00fablica no los tratar\u00e1.<\/p>\n<p>En este contexto, el mandatario llam\u00f3 a la ciudadan\u00eda a<strong>\u00a0\u00abprepararse para lo que venga despu\u00e9s\u00bb<\/strong>, ya que en respuesta a los atentados que ocurrieron el s\u00e1bado pasado,\u00a0Israel declar\u00f3 la guerra a Hamas\u00a0y emprendi\u00f3 ataques a\u00e9reos contra la Franja de Gaza.<\/p>\n","protected":false},"excerpt":{"rendered":"<p>Tras los bombardeos, asesinatos y secuestros en la Franja de Gaza, el ministro de Salud de Israel, Moshe Arbel orden\u00f3<\/p>\n","protected":false},"author":1,"featured_media":8474,"comment_status":"closed","ping_status":"closed","sticky":false,"template":"","format":"standard","meta":{"footnotes":"","jetpack_publicize_message":"","jetpack_publicize_feature_enabled":true,"jetpack_social_post_already_shared":true,"jetpack_social_options":{"image_generator_settings":{"template":"highway","enabled":false},"version":2}},"categories":[6],"tags":[],"class_list":["post-8473","post","type-post","status-publish","format-standard","has-post-thumbnail","hentry","category-internacionales"],"jetpack_publicize_connections":[],"_links":{"self":[{"href":"https:\/\/diariorepublica.com.ar\/web\/index.php\/wp-json\/wp\/v2\/posts\/8473"}],"collection":[{"href":"https:\/\/diariorepublica.com.ar\/web\/index.php\/wp-json\/wp\/v2\/posts"}],"about":[{"href":"https:\/\/diariorepublica.com.ar\/web\/index.php\/wp-json\/wp\/v2\/types\/post"}],"author":[{"embeddable":true,"href":"https:\/\/diariorepublica.com.ar\/web\/index.php\/wp-json\/wp\/v2\/users\/1"}],"replies":[{"embeddable":true,"href":"https:\/\/diariorepublica.com.ar\/web\/index.php\/wp-json\/wp\/v2\/comments?post=8473"}],"version-history":[{"count":1,"href":"https:\/\/diariorepublica.com.ar\/web\/index.php\/wp-json\/wp\/v2\/posts\/8473\/revisions"}],"predecessor-version":[{"id":8475,"href":"https:\/\/diariorepublica.com.ar\/web\/index.php\/wp-json\/wp\/v2\/posts\/8473\/revisions\/8475"}],"wp:featuredmedia":[{"embeddable":true,"href":"https:\/\/diariorepublica.com.ar\/web\/index.php\/wp-json\/wp\/v2\/media\/8474"}],"wp:attachment":[{"href":"https:\/\/diariorepublica.com.ar\/web\/index.php\/wp-json\/wp\/v2\/media?parent=8473"}],"wp:term":[{"taxonomy":"category","embeddable":true,"href":"https:\/\/diariorepublica.com.ar\/web\/index.php\/wp-json\/wp\/v2\/categories?post=8473"},{"taxonomy":"post_tag","embeddable":true,"href":"https:\/\/diariorepublica.com.ar\/web\/index.php\/wp-json\/wp\/v2\/tags?post=8473"}],"curies":[{"name":"wp","href":"https:\/\/api.w.org\/{rel}","templated":true}]}}