{"id":8479,"date":"2023-10-12T07:04:37","date_gmt":"2023-10-12T10:04:37","guid":{"rendered":"https:\/\/diariorepublica.com.ar\/web\/?p=8479"},"modified":"2023-10-12T07:04:38","modified_gmt":"2023-10-12T10:04:38","slug":"jalil-puso-en-funcionamiento-el-hospital-de-la-cienaga","status":"publish","type":"post","link":"https:\/\/diariorepublica.com.ar\/web\/index.php\/politica\/2023\/10\/12\/jalil-puso-en-funcionamiento-el-hospital-de-la-cienaga\/","title":{"rendered":"Jalil puso en funcionamiento el Hospital de La Cienaga"},"content":{"rendered":"<p>El Hospital de La Ci\u00e9naga, ubicado sobre Ruta 40, ya se encuentra en funcionamiento y es una realidad que beneficia a las poblaciones del Norte de Bel\u00e9n, fortaleciendo la infraestructura sanitaria y servicio de salud p\u00fablica en toda la regi\u00f3n.<\/p>\n<p>El gobernador Ra\u00fal Jalil, acompa\u00f1ado por la ministra de Salud, Manuela \u00c1vila, y el gran parte de su equipo de gobierno, visit\u00f3 las instalaciones del centro de salud donde interactu\u00f3 con el personal, profesionales y autoridades del centro de salud.<\/p>\n<p>El edificio cuenta con servicio de atenci\u00f3n m\u00e9dica, enfermer\u00eda, radiolog\u00eda, farmacia y traslado las 24hs, adem\u00e1s de atenciones programadas en laboratorio, odontolog\u00eda, kinesiolog\u00eda, obstetricia y psicolog\u00eda. Tambi\u00e9n dispone de APS y vacunatorio, y especialidades m\u00e9dicas itinerantes como pediatr\u00eda y cardiolog\u00eda. 40 personas forman parte de la planta funcional del nosocomio.<\/p>\n<p>Este moderno centro de atenci\u00f3n m\u00e9dica forma parte de la Red Sanitaria Federal y se centra en la atenci\u00f3n de casos de emergencia y en brindar cuidados b\u00e1sicos de salud a la comunidad.<\/p>\n<p>\u00a0<\/p>\n","protected":false},"excerpt":{"rendered":"<p>El Hospital de La Ci\u00e9naga, ubicado sobre Ruta 40, ya se encuentra en funcionamiento y es una realidad que beneficia<\/p>\n","protected":false},"author":2,"featured_media":8480,"comment_status":"closed","ping_status":"closed","sticky":false,"template":"","format":"standard","meta":{"footnotes":"","jetpack_publicize_message":"","jetpack_publicize_feature_enabled":true,"jetpack_social_post_already_shared":true,"jetpack_social_options":{"image_generator_settings":{"template":"highway","enabled":false},"version":2}},"categories":[12],"tags":[],"class_list":["post-8479","post","type-post","status-publish","format-standard","has-post-thumbnail","hentry","category-politica"],"jetpack_publicize_connections":[],"_links":{"self":[{"href":"https:\/\/diariorepublica.com.ar\/web\/index.php\/wp-json\/wp\/v2\/posts\/8479"}],"collection":[{"href":"https:\/\/diariorepublica.com.ar\/web\/index.php\/wp-json\/wp\/v2\/posts"}],"about":[{"href":"https:\/\/diariorepublica.com.ar\/web\/index.php\/wp-json\/wp\/v2\/types\/post"}],"author":[{"embeddable":true,"href":"https:\/\/diariorepublica.com.ar\/web\/index.php\/wp-json\/wp\/v2\/users\/2"}],"replies":[{"embeddable":true,"href":"https:\/\/diariorepublica.com.ar\/web\/index.php\/wp-json\/wp\/v2\/comments?post=8479"}],"version-history":[{"count":1,"href":"https:\/\/diariorepublica.com.ar\/web\/index.php\/wp-json\/wp\/v2\/posts\/8479\/revisions"}],"predecessor-version":[{"id":8481,"href":"https:\/\/diariorepublica.com.ar\/web\/index.php\/wp-json\/wp\/v2\/posts\/8479\/revisions\/8481"}],"wp:featuredmedia":[{"embeddable":true,"href":"https:\/\/diariorepublica.com.ar\/web\/index.php\/wp-json\/wp\/v2\/media\/8480"}],"wp:attachment":[{"href":"https:\/\/diariorepublica.com.ar\/web\/index.php\/wp-json\/wp\/v2\/media?parent=8479"}],"wp:term":[{"taxonomy":"category","embeddable":true,"href":"https:\/\/diariorepublica.com.ar\/web\/index.php\/wp-json\/wp\/v2\/categories?post=8479"},{"taxonomy":"post_tag","embeddable":true,"href":"https:\/\/diariorepublica.com.ar\/web\/index.php\/wp-json\/wp\/v2\/tags?post=8479"}],"curies":[{"name":"wp","href":"https:\/\/api.w.org\/{rel}","templated":true}]}}