{"id":8494,"date":"2023-10-12T07:47:14","date_gmt":"2023-10-12T10:47:14","guid":{"rendered":"https:\/\/diariorepublica.com.ar\/web\/?p=8494"},"modified":"2023-10-12T07:47:16","modified_gmt":"2023-10-12T10:47:16","slug":"el-soem-vuelve-a-reunirse-con-autoridades-de-la-capital","status":"publish","type":"post","link":"https:\/\/diariorepublica.com.ar\/web\/index.php\/politica\/2023\/10\/12\/el-soem-vuelve-a-reunirse-con-autoridades-de-la-capital\/","title":{"rendered":"El SOEM vuelve a reunirse con autoridades de la Capital"},"content":{"rendered":"<p>Se espera que hoy se vean nuevamente las caras el Sindicato de Obreros y Empleados Municipales (SOEM) y la comuna capitalina, todo esto en el marco de las recomposici\u00f3n salarial que se est\u00e1 solicitando.<\/p>\n<p>La conciliaci\u00f3n que fuera solicitada por parte del Ejecutivo Municipal tuvo, el pasado jueves, el primer encuentro en la Direcci\u00f3n Provincial de Inspecci\u00f3n Laboral (DPIL), pero en la misma no hubo grandes avances, dado que la comuna que conduce el intendente Gustavo Saadi volvieron a plantear una recomposici\u00f3n salarial de poco m\u00e1s del 12 por ciento.<\/p>\n<p>Ante esto, desde el gremio municipal que conduce Luis \u00c1lamo rechazaron tal ofrecimiento, dado que se mantienen en lo solicitado oportunamente, es decir un 50 por ciento.<\/p>\n<p>Puesto que las partes no lograban conciliar, desde la DPIL fijaron la segunda audiencia para este jueves 12 de octubre.<\/p>\n","protected":false},"excerpt":{"rendered":"<p>Se espera que hoy se vean nuevamente las caras el Sindicato de Obreros y Empleados Municipales (SOEM) y la comuna<\/p>\n","protected":false},"author":2,"featured_media":8495,"comment_status":"closed","ping_status":"closed","sticky":false,"template":"","format":"standard","meta":{"footnotes":"","jetpack_publicize_message":"","jetpack_publicize_feature_enabled":true,"jetpack_social_post_already_shared":true,"jetpack_social_options":{"image_generator_settings":{"template":"highway","enabled":false},"version":2}},"categories":[12],"tags":[],"class_list":["post-8494","post","type-post","status-publish","format-standard","has-post-thumbnail","hentry","category-politica"],"jetpack_publicize_connections":[],"_links":{"self":[{"href":"https:\/\/diariorepublica.com.ar\/web\/index.php\/wp-json\/wp\/v2\/posts\/8494"}],"collection":[{"href":"https:\/\/diariorepublica.com.ar\/web\/index.php\/wp-json\/wp\/v2\/posts"}],"about":[{"href":"https:\/\/diariorepublica.com.ar\/web\/index.php\/wp-json\/wp\/v2\/types\/post"}],"author":[{"embeddable":true,"href":"https:\/\/diariorepublica.com.ar\/web\/index.php\/wp-json\/wp\/v2\/users\/2"}],"replies":[{"embeddable":true,"href":"https:\/\/diariorepublica.com.ar\/web\/index.php\/wp-json\/wp\/v2\/comments?post=8494"}],"version-history":[{"count":1,"href":"https:\/\/diariorepublica.com.ar\/web\/index.php\/wp-json\/wp\/v2\/posts\/8494\/revisions"}],"predecessor-version":[{"id":8496,"href":"https:\/\/diariorepublica.com.ar\/web\/index.php\/wp-json\/wp\/v2\/posts\/8494\/revisions\/8496"}],"wp:featuredmedia":[{"embeddable":true,"href":"https:\/\/diariorepublica.com.ar\/web\/index.php\/wp-json\/wp\/v2\/media\/8495"}],"wp:attachment":[{"href":"https:\/\/diariorepublica.com.ar\/web\/index.php\/wp-json\/wp\/v2\/media?parent=8494"}],"wp:term":[{"taxonomy":"category","embeddable":true,"href":"https:\/\/diariorepublica.com.ar\/web\/index.php\/wp-json\/wp\/v2\/categories?post=8494"},{"taxonomy":"post_tag","embeddable":true,"href":"https:\/\/diariorepublica.com.ar\/web\/index.php\/wp-json\/wp\/v2\/tags?post=8494"}],"curies":[{"name":"wp","href":"https:\/\/api.w.org\/{rel}","templated":true}]}}