{"id":8506,"date":"2023-10-12T08:21:02","date_gmt":"2023-10-12T11:21:02","guid":{"rendered":"https:\/\/diariorepublica.com.ar\/web\/?p=8506"},"modified":"2023-10-12T08:21:04","modified_gmt":"2023-10-12T11:21:04","slug":"fin-de-semana-xxl-promedian-un-72-las-reservas-hoteleras","status":"publish","type":"post","link":"https:\/\/diariorepublica.com.ar\/web\/index.php\/sociedad\/2023\/10\/12\/fin-de-semana-xxl-promedian-un-72-las-reservas-hoteleras\/","title":{"rendered":"Fin de semana XXL: Promedian un 72% las reservas hoteleras"},"content":{"rendered":"<p>Este fin de semana XXL en primavera, dado que el lunes ser\u00e1 feriado nacional por el D\u00eda del Derecho a la Diversidad Cultural se traslada desde el 12 de octubre; y el viernes 13 fue declarado por decreto feriado con fines tur\u00edsticos. El mismo contar\u00e1 en medio con la celebraci\u00f3n del D\u00eda de la Madre.<\/p>\n<p>En ese marco, el ministro de Cultura, Turismo y Deporte de Catamarca, Roberto Brunello, destac\u00f3 muy buen n\u00famero de reservas desde este mi\u00e9rcoles y mencion\u00f3 que \u201cen la Capital es de un 64% y un 72% promedio en toda la provincia\u201d.<\/p>\n<p>Asimismo, se\u00f1al\u00f3 a Radio T\u00e9lam que los destinos m\u00e1s consolidados como Fiambal\u00e1, Antofagasta y Bel\u00e9n, tienen reservas pr\u00e1cticamente al 100% de sus alojamientos.<\/p>\n<p>Brunello puso de relieve \u201cel trabajo conjunto\u201d que vienen realizando las autoridades tur\u00edsticas del Ente Norte, que conforman adem\u00e1s de Catamarca las provincias de Santiago del Estero, La Rioja, Tucum\u00e1n, Salta y Jujuy.<\/p>\n<p>Al respecto, apunt\u00f3 que Catamarca ser\u00e1 en 2024 la provincia anfitriona de la segunda edici\u00f3n del Foro Provincial de Turismo, que el mes pasado se realiz\u00f3 por primera vez en Salta y reuni\u00f3 a expositores nacionales e internacionales, ante una concurrencia de unos 2000 participantes.<\/p>\n<p>Sobre el crecimiento tur\u00edstico en Catamarca, Brunello remarc\u00f3 que resulta \u201cfundamental\u201d el rol de los intendentes para potenciar la diversidad de propuestas que ofrece la provincia y destac\u00f3 la \u201cdecisi\u00f3n pol\u00edtica\u201d del gobernador Ra\u00fal Jalil para darle curso al turismo y en ese sentido, ponder\u00f3 \u201clas obras realizadas que mejoraron accesos y potenciaron regiones\u201d.<\/p>\n","protected":false},"excerpt":{"rendered":"<p>Este fin de semana XXL en primavera, dado que el lunes ser\u00e1 feriado nacional por el D\u00eda del Derecho a<\/p>\n","protected":false},"author":2,"featured_media":8507,"comment_status":"closed","ping_status":"closed","sticky":false,"template":"","format":"standard","meta":{"footnotes":"","jetpack_publicize_message":"","jetpack_publicize_feature_enabled":true,"jetpack_social_post_already_shared":true,"jetpack_social_options":{"image_generator_settings":{"template":"highway","enabled":false},"version":2}},"categories":[3],"tags":[],"class_list":["post-8506","post","type-post","status-publish","format-standard","has-post-thumbnail","hentry","category-sociedad"],"jetpack_publicize_connections":[],"_links":{"self":[{"href":"https:\/\/diariorepublica.com.ar\/web\/index.php\/wp-json\/wp\/v2\/posts\/8506"}],"collection":[{"href":"https:\/\/diariorepublica.com.ar\/web\/index.php\/wp-json\/wp\/v2\/posts"}],"about":[{"href":"https:\/\/diariorepublica.com.ar\/web\/index.php\/wp-json\/wp\/v2\/types\/post"}],"author":[{"embeddable":true,"href":"https:\/\/diariorepublica.com.ar\/web\/index.php\/wp-json\/wp\/v2\/users\/2"}],"replies":[{"embeddable":true,"href":"https:\/\/diariorepublica.com.ar\/web\/index.php\/wp-json\/wp\/v2\/comments?post=8506"}],"version-history":[{"count":1,"href":"https:\/\/diariorepublica.com.ar\/web\/index.php\/wp-json\/wp\/v2\/posts\/8506\/revisions"}],"predecessor-version":[{"id":8508,"href":"https:\/\/diariorepublica.com.ar\/web\/index.php\/wp-json\/wp\/v2\/posts\/8506\/revisions\/8508"}],"wp:featuredmedia":[{"embeddable":true,"href":"https:\/\/diariorepublica.com.ar\/web\/index.php\/wp-json\/wp\/v2\/media\/8507"}],"wp:attachment":[{"href":"https:\/\/diariorepublica.com.ar\/web\/index.php\/wp-json\/wp\/v2\/media?parent=8506"}],"wp:term":[{"taxonomy":"category","embeddable":true,"href":"https:\/\/diariorepublica.com.ar\/web\/index.php\/wp-json\/wp\/v2\/categories?post=8506"},{"taxonomy":"post_tag","embeddable":true,"href":"https:\/\/diariorepublica.com.ar\/web\/index.php\/wp-json\/wp\/v2\/tags?post=8506"}],"curies":[{"name":"wp","href":"https:\/\/api.w.org\/{rel}","templated":true}]}}