{"id":8513,"date":"2023-10-12T18:24:31","date_gmt":"2023-10-12T21:24:31","guid":{"rendered":"https:\/\/diariorepublica.com.ar\/web\/?p=8513"},"modified":"2023-10-12T18:24:32","modified_gmt":"2023-10-12T21:24:32","slug":"la-inflacion-de-septiembre-fue-de-127-segun-el-indec","status":"publish","type":"post","link":"https:\/\/diariorepublica.com.ar\/web\/index.php\/economia\/2023\/10\/12\/la-inflacion-de-septiembre-fue-de-127-segun-el-indec\/","title":{"rendered":"La inflaci\u00f3n de septiembre fue de 12,7%, seg\u00fan el INDEC"},"content":{"rendered":"<article class=\"article-body article-body--first-paragraph content-protected-false\" data-td-script-src=\"https:\/\/www.ambito.com\/td\/modulos\/encuestas\/js\/function-embeds-min-version-1660312110.js\">El\u00a0<strong>Instituto Nacional de Estad\u00edstica y Censos (INDEC)<\/strong>\u00a0inform\u00f3 que el<strong>\u00a0\u00cdndice de Precios al Consumidor\u00a0(IPC)<\/strong>\u00a0de septiembre\u00a0<strong>se ubic\u00f3 en el 12,7%<\/strong>, lo que implic\u00f3 una aceleraci\u00f3n de 0,3 puntos porcentuales con respecto al mes previo que hab\u00eda trepado al\u00a0<strong>12,4%<\/strong>. Por su parte, en el acumulado del a\u00f1o super\u00f3 la barrera del 100%. A su vez,<strong>\u00a0interanualmente se alz\u00f3 hasta el 138,3%.<\/strong><\/p>\n<\/article>\n<article class=\"article-body article-body--second-paragraph content-protected-false\">Las cuatro divisiones que estuvieron por encima de la medici\u00f3n general fueron:\u00a0<strong>Prendas de vestir y calzado<\/strong>\u00a0(15,7%),<strong>\u00a0Recreaci\u00f3n y cultura<\/strong>\u00a0(15,1%),\u00a0<strong>Alimentos y bebidas no alcoh\u00f3licas<\/strong>\u00a0(14,3%), y\u00a0<strong>Alimentos y bebidas no alcoh\u00f3licas<\/strong>\u00a0(14,3%). Como contracara, las dos \u00e1reas que menos subieron fueron\u00a0<strong>Educaci\u00f3n<\/strong>\u00a0(8,1%) y\u00a0<strong>Vivienda, agua, electricidad y otros combustibles<\/strong>\u00a0(8,5%).<\/p>\n<article class=\"article-body article-body--third-paragraph content-protected-false\">A nivel de las categor\u00edas,\u00a0<strong>Estacionales (14,7%)<\/strong>\u00a0lider\u00f3 el aumento del per\u00edodo seguida por<strong>\u00a0IPC N\u00facleo (13,4%)\u00a0<\/strong>que desaceler\u00f3 levemente respecto de la medici\u00f3n de agosto, mientras que\u00a0<strong>Regulados\u00a0<\/strong>registr\u00f3 un incremento de\u00a0<strong>8,3%<\/strong>. En cu\u00e1nto a las regiones la que mayor aumento tuvo fue la\u00a0<strong>Patagonia (+14%)<\/strong>, seguida por\u00a0<strong>Cuyo (+13,7%), Noroeste (+13,2%), Pampeana (+13,1%), Noreste (+13%), y GBA (+12,2%).<\/strong><\/p>\n<\/article>\n<article class=\"article-body article-body--fourth-paragraph content-protected-false\">\u00abCon el dato de septiembre,\u00a0<strong>el IPC anota su bimestre de mayor variaci\u00f3n febrero-marzo de 1991.<\/strong>\u00a0Lamentablemente, con el \u00faltimo dato, Argentina registra su inflaci\u00f3n anual m\u00e1s grande en 32 a\u00f1os\u00bb, expres\u00f3\u00a0<strong>Eugenio Mar\u00ed<\/strong>, Economista Jefe de la Fundaci\u00f3n Libertad y Progreso.<\/p>\n<\/article>\n<article class=\"article-body article-body--remaining-paragraph content-protected-false\">A su turno, desde\u00a0<strong>C&amp;T Asesores Econ\u00f3micos<\/strong>, analizaron: \u00abLos datos del mes est\u00e1n fuertemente influenciados por\u00a0<strong>el pico que tuvo la gran mayor\u00eda de los precios de la econom\u00eda durante la segunda quincena de agosto<\/strong>, luego del salto que hab\u00edan experimentado todos los tipos de cambio a continuaci\u00f3n de las elecciones primarias\u00bb.<\/p>\n<p>En cu\u00e1nto a los segmentos que m\u00e1s subieron, desde esta consultora advirtieron que \u00abprendas de vestir y calzado se debi\u00f3 al cambio de temporada, que provoca\u00a0<strong>un pico estacional habitual<\/strong>\u00ab, por su parte, \u00abrecreaci\u00f3n y cultura tuvo alzas en los servicios de\u00a0<strong>cable, libros, diarios y cines<\/strong>\u00ab. Y dentro de alimentos,\u00a0<strong>la carne subi\u00f3 en torno a 20% y los panificados cerca de 13%.<\/strong><\/p>\n<p>\u00abLa inflaci\u00f3n de septiembre fue mayor de la esperada. Nosotros esper\u00e1bamos que iba a estar un poquito por debajo de la de agosto, en torno al 12%. Ya podemos saber que el fogonazo de la devaluaci\u00f3n post PASO fue fuerte porque\u00a0<strong>entre agosto y septiembre, comparando el nivel de precios de septiembre contra julio, tuvimos un aumento de casi 27%, en dos meses, liderado por alimentos al 33%<\/strong>\u00ab, dijo Lorenzo Sigaut Gravina,\u00a0<strong>economista de Equilibra.<\/strong><\/p>\n<h2 class=\"leading-7 text-lg text-slate-600 my-6 min-h-[28px]\">Entre el IPC N\u00facleo y las desigualdades en el interior<\/h2>\n<p>\u00abUna de las primeras observaciones es que<strong>\u00a0la medici\u00f3n es un poco menor en GBA contra el interior del pa\u00eds<\/strong>, esto se debe a que ten\u00e9s m\u00e1s incidencia en Gran Buenos Aires de mecanismos de control de precios\u00bb, le dijo a \u00c1mbito,\u00a0<strong>Juan Luis Bour, economista jefe en FIEL y a\u00f1adi\u00f3:\u00a0<\/strong>\u00abLa segunda observaci\u00f3n es que<strong>\u00a0dio muy alta la inflaci\u00f3n n\u00facleo.<\/strong>\u00a0Esto te est\u00e1 indicando que la tasa que est\u00e1s observando, est\u00e1 muy intervenida por el segmento regulado\u00bb.<\/p>\n<p>\u00abLa tercera observaci\u00f3n\u00a0<strong>el aumento mayor de bienes que en servicios<\/strong>. Esto ya se dio en agosto. Lo que sucedi\u00f3 fue que hubo un aumento de brechas cambiarias, tras la devaluaci\u00f3n en agosto, y eso pega en lo inmediato,\u00a0<strong>tiene un pass througth mucho m\u00e1s r\u00e1pido que en servicios\u00bb<\/strong>, dijo Bour.<\/p>\n<h6>Qu\u00e9 podemos esperar para la inflaci\u00f3n de Octubre<\/h6>\n<p>\u00abDeber\u00edamos de esperar que el subconjunto de bienes pegue m\u00e1s que en servicios y, por lo tanto, entre otras conclusiones,\u00a0<strong>no solamente vas a tener una aceleraci\u00f3n de la inflaci\u00f3n a partir de la segunda semana y eventualmente, la cuarta<\/strong>\u00ab, indic\u00f3 Bour. Tambi\u00e9n advirti\u00f3 que ser\u00e1 m\u00e1s alta en el interior que en el GBA porque \u00aben ciudades con mayor pobreza pesa m\u00e1s la medici\u00f3n de alimentos\u00bb. \u00abEn septiembre los n\u00fameros son un poco peor a lo esperado, nosotros proyectabamos entre 11-12% y l<strong>a expectativa es que octubre no de menos de 11%<\/strong>\u00ab, cerr\u00f3 el economista de Fiel.<\/p>\n<p>Por su parte, Sigaut Gravina, opin\u00f3: \u00abLos salarios tambi\u00e9n van a empezar a ajustarse al entorno del 12%. Nosotros pensamos que en octubre, a pesar de qu\u00e9 tipo de cambio oficial va quedar fijo, y que la nafta, las tarifas de servicios p\u00fablicos e incluso prepagas van a quedar fijas durante octubre; creemos que\u00a0<strong>la inflaci\u00f3n puede ser de dos d\u00edgitos, aunque un un poco menos que el 12,5% promedio mensual de agosto-septiembre<\/strong>\u00ab.<\/p>\n<p>\u00abInicialmente pens\u00e1bamos que que octubre pod\u00eda estar en torno de 9% pero\u00a0<strong>esta \u00faltima semana en materia cambiar\u00eda fue muy compleja por las declaraciones de Javier Milei. Si bien el d\u00f3lar blue no tiene un impacto tan fuerte como el oficial, en la inflaci\u00f3n es cada vez es m\u00e1s relevante<\/strong>\u00ab, cerr\u00f3 el economista de Equilibra.<\/p>\n<p>Desde la consultora\u00a0<strong>EPyCA<\/strong>, aseguraron en su \u00faltimo informe, que \u00ab<strong>la corrida cambiaria de estas dos semanas re-acelera la inflaci\u00f3n y pone un piso de dos d\u00edgitos a la suba de precios<\/strong>\u00a0para cada uno de los pr\u00f3ximos meses\u00bb.<\/p>\n<p>FUENTE: ambito.com<\/p>\n<\/article>\n<\/article>\n","protected":false},"excerpt":{"rendered":"<p>El\u00a0Instituto Nacional de Estad\u00edstica y Censos (INDEC)\u00a0inform\u00f3 que el\u00a0\u00cdndice de Precios al Consumidor\u00a0(IPC)\u00a0de septiembre\u00a0se ubic\u00f3 en el 12,7%, lo que<\/p>\n","protected":false},"author":1,"featured_media":8514,"comment_status":"closed","ping_status":"closed","sticky":false,"template":"","format":"standard","meta":{"footnotes":"","jetpack_publicize_message":"","jetpack_publicize_feature_enabled":true,"jetpack_social_post_already_shared":true,"jetpack_social_options":{"image_generator_settings":{"template":"highway","enabled":false},"version":2}},"categories":[5],"tags":[],"class_list":["post-8513","post","type-post","status-publish","format-standard","has-post-thumbnail","hentry","category-economia"],"jetpack_publicize_connections":[],"_links":{"self":[{"href":"https:\/\/diariorepublica.com.ar\/web\/index.php\/wp-json\/wp\/v2\/posts\/8513"}],"collection":[{"href":"https:\/\/diariorepublica.com.ar\/web\/index.php\/wp-json\/wp\/v2\/posts"}],"about":[{"href":"https:\/\/diariorepublica.com.ar\/web\/index.php\/wp-json\/wp\/v2\/types\/post"}],"author":[{"embeddable":true,"href":"https:\/\/diariorepublica.com.ar\/web\/index.php\/wp-json\/wp\/v2\/users\/1"}],"replies":[{"embeddable":true,"href":"https:\/\/diariorepublica.com.ar\/web\/index.php\/wp-json\/wp\/v2\/comments?post=8513"}],"version-history":[{"count":1,"href":"https:\/\/diariorepublica.com.ar\/web\/index.php\/wp-json\/wp\/v2\/posts\/8513\/revisions"}],"predecessor-version":[{"id":8515,"href":"https:\/\/diariorepublica.com.ar\/web\/index.php\/wp-json\/wp\/v2\/posts\/8513\/revisions\/8515"}],"wp:featuredmedia":[{"embeddable":true,"href":"https:\/\/diariorepublica.com.ar\/web\/index.php\/wp-json\/wp\/v2\/media\/8514"}],"wp:attachment":[{"href":"https:\/\/diariorepublica.com.ar\/web\/index.php\/wp-json\/wp\/v2\/media?parent=8513"}],"wp:term":[{"taxonomy":"category","embeddable":true,"href":"https:\/\/diariorepublica.com.ar\/web\/index.php\/wp-json\/wp\/v2\/categories?post=8513"},{"taxonomy":"post_tag","embeddable":true,"href":"https:\/\/diariorepublica.com.ar\/web\/index.php\/wp-json\/wp\/v2\/tags?post=8513"}],"curies":[{"name":"wp","href":"https:\/\/api.w.org\/{rel}","templated":true}]}}