{"id":8526,"date":"2023-10-12T17:29:00","date_gmt":"2023-10-12T20:29:00","guid":{"rendered":"https:\/\/diariorepublica.com.ar\/web\/?p=8526"},"modified":"2023-10-12T18:30:32","modified_gmt":"2023-10-12T21:30:32","slug":"el-dolar-blue-revierte-la-tendencia-alcista-y-cerro-en-980","status":"publish","type":"post","link":"https:\/\/diariorepublica.com.ar\/web\/index.php\/economia\/2023\/10\/12\/el-dolar-blue-revierte-la-tendencia-alcista-y-cerro-en-980\/","title":{"rendered":"El d\u00f3lar blue revierte la tendencia alcista y cerr\u00f3 en $980"},"content":{"rendered":"<article id=\"article-post\" class=\"first\">\n<div class=\"cuerpo\" data-twitter-link=\"https:\/\/twitter.com\/intent\/tweet?url=https:\/\/www.diariopopular.com.ar\/c747674&amp;via=poopulardiario&amp;related=Popular&amp;text=\">\n<p><strong>El d\u00f3lar blue opera con una baja de $0 y se vende a $980 en el mercado paralelo,\u00a0<\/strong>en un clima de tensi\u00f3n luego de los allanamientos que se efectuaron en distintos puntos de la Ciudad de Buenos Aires y que dejaron al menos seis detenidos.<\/p>\n<\/div>\n<\/article>\n<article id=\"article-post\">\n<div class=\"cuerpo\" data-twitter-link=\"https:\/\/twitter.com\/intent\/tweet?url=https:\/\/www.diariopopular.com.ar\/c747674&amp;via=poopulardiario&amp;related=Popular&amp;text=\">\n<p>La brecha con el\u00a0<strong>d\u00f3lar oficial\u00a0<\/strong>se posiciona en un\u00a0<strong>178,5%<\/strong>, luego de quedar\u00a0<strong>a un paso del 200% el martes<\/strong>, superando los niveles alcanzados en julio de 2022, tras la salida de Mart\u00edn Guzm\u00e1n del Ministerio de Econom\u00eda. En lo que va de 2023, el\u00a0<strong>d\u00f3lar blue<\/strong>\u00a0acumula una\u00a0<strong>suba de $634\u00a0<\/strong>despu\u00e9s de cerrar el 2022 en $346.<\/p>\n<p>La divisa en el mercado paralelo est\u00e1 sometida a una fuerte presi\u00f3n esta semana. Pero este jueves registra una importante ca\u00edda, luego de que la Aduana informara que cay\u00f3 el croata due\u00f1o de \u00abNimbus\u00bb, la mayor cueva de la City porte\u00f1a.<\/p>\n<h2>Los operativos en las cuevas<\/h2>\n<p>La Polic\u00eda Federal y la Aduana allanaron en las \u00faltimas horas<strong>\u00a0las oficinas de Nimbus, \u00abla mayor cueva de la city porte\u00f1a\u00bb<\/strong>, y encontraron evidencia de operaciones il\u00edcitas con divisas, informaron fuentes del Ministerio de Econom\u00eda.<\/p>\n<p>Luego de los operativos en el microcentro porte\u00f1o que se extendieron hasta la noche del mi\u00e9rcoles y que tuvieron como foco las \u00abcuevas\u00bb que operan el denominado d\u00f3lar blue, el juez federal Marcelo Mart\u00ednez de Giorgi autoriz\u00f3 los allanamientos que estuvieron a cargo de la Polic\u00eda Federal y de la Aduana.<\/p>\n<p><strong>El d\u00f3lar mayorista cotiza en $350,10, valor que el BCRA busca sostener hasta fines de octubre.<\/strong><\/p>\n<p>Por su parte,<strong>\u00a0el d\u00f3lar ahorro, con la nueva medida del gobierno, se vende a $733,96.<\/strong><\/p>\n<p>En tanto, el d\u00f3lar MEP avanza $21,08 (2,47%) hasta los $967,67. As\u00ed, el spread con el tipo de cambio oficial se ubica en el 150,20%.<\/p>\n<p>El d\u00f3lar CCL, a su turno, sube $22,91 (2,42%) este 12 de octubre hasta los $967,67. De esta manera la brecha cambiaria se posiciona en 176,40%. En la jornada previa, hab\u00eda bajado casi $9. Sin embargo, en lo que va de la semana suma $76.<\/p>\n<p>El d\u00f3lar turista o tarjeta, y d\u00f3lar ahorro (o solidario) -que incluyen un 30% del Impuesto PA\u00cdS + 45% de la Percepci\u00f3n de Ganancias + 25% de Ingresos Brutos-<strong>\u00a0opera en $734,91.<\/strong><\/p>\n<p>El d\u00f3lar cripto o d\u00f3lar Bitcoin cae 3,94% y cotiza en $970,99, seg\u00fan el promedio entre los exchanges locales reportados por Coinmonitor<\/p>\n<p>Apretado por la disparada del d\u00f3lar y en medio de la pol\u00e9mica que gener\u00f3 el candidato de La Libertad Avanza, Javier Milei, sobre los plazos fijos,\u00a0<strong>el Banco Central apur\u00f3 una nueva suba de tasas<\/strong>. El organismo decidi\u00f3 elevar el rendimiento de los dep\u00f3sitos a plazo en los bancos del 118% anual vigente.<\/p>\n<p>En la previa del \u00faltimo fin de semana XXL antes de las elecciones generales y en medio de un gran nerviosismo en el mercado financiero que atest\u00f3 de lleno en el tramo final de la campa\u00f1a, el organismo presidido por Miguel \u00c1ngel Pesce \u00abtorci\u00f3 el brazo\u00bb respecto de un nuevo encarecimiento del costo del dinero, que acompa\u00f1e la suba de la inflaci\u00f3n que dar\u00e1 a conocer esta tarde el INDEC.<\/p>\n<\/div>\n<\/article>\n","protected":false},"excerpt":{"rendered":"<p>El d\u00f3lar blue opera con una baja de $0 y se vende a $980 en el mercado paralelo,\u00a0en un clima<\/p>\n","protected":false},"author":1,"featured_media":8527,"comment_status":"closed","ping_status":"closed","sticky":false,"template":"","format":"standard","meta":{"footnotes":"","jetpack_publicize_message":"","jetpack_publicize_feature_enabled":true,"jetpack_social_post_already_shared":true,"jetpack_social_options":{"image_generator_settings":{"template":"highway","enabled":false},"version":2}},"categories":[5],"tags":[],"class_list":["post-8526","post","type-post","status-publish","format-standard","has-post-thumbnail","hentry","category-economia"],"jetpack_publicize_connections":[],"_links":{"self":[{"href":"https:\/\/diariorepublica.com.ar\/web\/index.php\/wp-json\/wp\/v2\/posts\/8526"}],"collection":[{"href":"https:\/\/diariorepublica.com.ar\/web\/index.php\/wp-json\/wp\/v2\/posts"}],"about":[{"href":"https:\/\/diariorepublica.com.ar\/web\/index.php\/wp-json\/wp\/v2\/types\/post"}],"author":[{"embeddable":true,"href":"https:\/\/diariorepublica.com.ar\/web\/index.php\/wp-json\/wp\/v2\/users\/1"}],"replies":[{"embeddable":true,"href":"https:\/\/diariorepublica.com.ar\/web\/index.php\/wp-json\/wp\/v2\/comments?post=8526"}],"version-history":[{"count":1,"href":"https:\/\/diariorepublica.com.ar\/web\/index.php\/wp-json\/wp\/v2\/posts\/8526\/revisions"}],"predecessor-version":[{"id":8528,"href":"https:\/\/diariorepublica.com.ar\/web\/index.php\/wp-json\/wp\/v2\/posts\/8526\/revisions\/8528"}],"wp:featuredmedia":[{"embeddable":true,"href":"https:\/\/diariorepublica.com.ar\/web\/index.php\/wp-json\/wp\/v2\/media\/8527"}],"wp:attachment":[{"href":"https:\/\/diariorepublica.com.ar\/web\/index.php\/wp-json\/wp\/v2\/media?parent=8526"}],"wp:term":[{"taxonomy":"category","embeddable":true,"href":"https:\/\/diariorepublica.com.ar\/web\/index.php\/wp-json\/wp\/v2\/categories?post=8526"},{"taxonomy":"post_tag","embeddable":true,"href":"https:\/\/diariorepublica.com.ar\/web\/index.php\/wp-json\/wp\/v2\/tags?post=8526"}],"curies":[{"name":"wp","href":"https:\/\/api.w.org\/{rel}","templated":true}]}}