{"id":8532,"date":"2023-10-12T18:00:00","date_gmt":"2023-10-12T21:00:00","guid":{"rendered":"https:\/\/diariorepublica.com.ar\/web\/?p=8532"},"modified":"2023-10-12T18:33:36","modified_gmt":"2023-10-12T21:33:36","slug":"la-libertad-avanza-denuncio-a-union-por-la-patria-por-la-difusion-de-noticias-falsas","status":"publish","type":"post","link":"https:\/\/diariorepublica.com.ar\/web\/index.php\/nacionales\/2023\/10\/12\/la-libertad-avanza-denuncio-a-union-por-la-patria-por-la-difusion-de-noticias-falsas\/","title":{"rendered":"La Libertad Avanza denunci\u00f3 a Uni\u00f3n por la Patria por la difusi\u00f3n de noticias falsas"},"content":{"rendered":"<article id=\"article-post\" class=\"first\">\n<div class=\"cuerpo\" data-twitter-link=\"https:\/\/twitter.com\/intent\/tweet?url=https:\/\/www.diariopopular.com.ar\/c747688&amp;via=poopulardiario&amp;related=Popular&amp;text=\">\n<p><strong>La Libertad Avanza (LLA) denunci\u00f3 a Uni\u00f3n por la Patria (UxP) por romper el compromiso \u00e9tico-digital al difundir informaci\u00f3n falsa<\/strong>\u00a0sobre las propuestas de campa\u00f1a del espacio en general y\u00a0<strong>Javier Milei e<\/strong>n particular. Tambi\u00e9n solicitaron que la justicia tome \u201ctodas las medidas necesarias para evitar este tipo de desinformaci\u00f3n\u201d.<\/p>\n<\/div>\n<\/article>\n<article id=\"article-post\">\n<div class=\"cuerpo\" data-twitter-link=\"https:\/\/twitter.com\/intent\/tweet?url=https:\/\/www.diariopopular.com.ar\/c747688&amp;via=poopulardiario&amp;related=Popular&amp;text=\">\n<p>\u201cLos anuncios adem\u00e1s de tener contenido electoral y violar los propios t\u00e9rminos y condiciones de la plataforma YouTube, contienen informaci\u00f3n falsa, agraviante y difamatoria sobre Javier Milei y el espacio, poniendo en riesgo uno de los pilares fundamentales de la democracia Argentina, que es el voto informado\u201d, declararon desde\u00a0<strong>LLA<\/strong>.<\/p>\n<p>Adicionalmente, se solicit\u00f3 que se provea a la C\u00e1mara Nacional Electoral toda \u201cla documentaci\u00f3n del o los anunciantes, formas de pago, y toda la informaci\u00f3n necesaria para iniciar acciones legales de aquellos individuos o empresas que violan la ley en campa\u00f1as electorales\u201d.<\/p>\n<p><strong>El apoderado del espacio, Santiago Viola, envi\u00f3 el escrito luego de que se detectaran \u201cdistintas notas de medios digitales que se encontrar\u00edan en violaci\u00f3n al compromiso \u00e9tico-digital\u201d<\/strong>. Dicho compromiso establece la necesidad de \u201cpreservar el debate democr\u00e1tico en las redes sociales y plataformas digitales durante las elecciones\u201d y \u201cconstruir conciencia ciudadana sobre el buen uso de las nuevas tecnolog\u00edas de comunicaci\u00f3n\u201d.<\/p>\n<p>Llam\u00f3 la atenci\u00f3n la \u201cgran cantidad de propagandas realizadas por la alianza oficialista que llevan a un sitio denominado www.loquedicemilei.com, el cual cuenta con noticias falsas sobre las propuestas del candidato libertario y la alianza\u201d, detall\u00f3.<\/p>\n<p>\u201cNo solamente se encuentran agregados videos editados maliciosamente y de antigua data, sino que adem\u00e1s surgen connotaciones negativas y comentarios falsos sobre lo que efectivamente es la propuesta que realiza el espacio libertarios\u201d, especific\u00f3.<\/p>\n<p>En el mismo sentido inst\u00f3 a que \u201cse tomen todas las medidas necesarias para evitar este tipo de desinformaci\u00f3n, como as\u00ed tambi\u00e9n para que se cumpla el compromiso que cada una de las Alianzas han asumido al inicio del proceso electoral\u201d.<\/p>\n<p><strong>Por otro lado, desde LLA se notific\u00f3 a la empresa Google sobre conductas ilegales<\/strong>\u00a0e intim\u00f3 a que \u00aben el plazo inmediato de recepci\u00f3n de esta carta documento, la compa\u00f1\u00eda retire los anuncios electorales de los canales de YouTube @MileiNo y @ConmisderechosNO, los cuales tienen contenido que hace referencia a un partido pol\u00edtico nacional, una coalici\u00f3n, un funcionario electo actual y el cual no tiene la verificaci\u00f3n de identidad requerida para el cumplimiento de la ley electoral de financiamiento de partidos pol\u00edticos 26.215 y Compromiso \u00c9tico Digital firmado en la C\u00e1mara Nacional electoral el pasado 29 de junio del corriente a\u00f1o\u201d.<\/p>\n<\/div>\n<\/article>\n","protected":false},"excerpt":{"rendered":"<p>La Libertad Avanza (LLA) denunci\u00f3 a Uni\u00f3n por la Patria (UxP) por romper el compromiso \u00e9tico-digital al difundir informaci\u00f3n falsa\u00a0sobre<\/p>\n","protected":false},"author":1,"featured_media":8533,"comment_status":"closed","ping_status":"closed","sticky":false,"template":"","format":"standard","meta":{"footnotes":"","jetpack_publicize_message":"","jetpack_publicize_feature_enabled":true,"jetpack_social_post_already_shared":true,"jetpack_social_options":{"image_generator_settings":{"template":"highway","enabled":false},"version":2}},"categories":[4],"tags":[],"class_list":["post-8532","post","type-post","status-publish","format-standard","has-post-thumbnail","hentry","category-nacionales"],"jetpack_publicize_connections":[],"_links":{"self":[{"href":"https:\/\/diariorepublica.com.ar\/web\/index.php\/wp-json\/wp\/v2\/posts\/8532"}],"collection":[{"href":"https:\/\/diariorepublica.com.ar\/web\/index.php\/wp-json\/wp\/v2\/posts"}],"about":[{"href":"https:\/\/diariorepublica.com.ar\/web\/index.php\/wp-json\/wp\/v2\/types\/post"}],"author":[{"embeddable":true,"href":"https:\/\/diariorepublica.com.ar\/web\/index.php\/wp-json\/wp\/v2\/users\/1"}],"replies":[{"embeddable":true,"href":"https:\/\/diariorepublica.com.ar\/web\/index.php\/wp-json\/wp\/v2\/comments?post=8532"}],"version-history":[{"count":1,"href":"https:\/\/diariorepublica.com.ar\/web\/index.php\/wp-json\/wp\/v2\/posts\/8532\/revisions"}],"predecessor-version":[{"id":8534,"href":"https:\/\/diariorepublica.com.ar\/web\/index.php\/wp-json\/wp\/v2\/posts\/8532\/revisions\/8534"}],"wp:featuredmedia":[{"embeddable":true,"href":"https:\/\/diariorepublica.com.ar\/web\/index.php\/wp-json\/wp\/v2\/media\/8533"}],"wp:attachment":[{"href":"https:\/\/diariorepublica.com.ar\/web\/index.php\/wp-json\/wp\/v2\/media?parent=8532"}],"wp:term":[{"taxonomy":"category","embeddable":true,"href":"https:\/\/diariorepublica.com.ar\/web\/index.php\/wp-json\/wp\/v2\/categories?post=8532"},{"taxonomy":"post_tag","embeddable":true,"href":"https:\/\/diariorepublica.com.ar\/web\/index.php\/wp-json\/wp\/v2\/tags?post=8532"}],"curies":[{"name":"wp","href":"https:\/\/api.w.org\/{rel}","templated":true}]}}