{"id":8538,"date":"2023-10-12T18:00:00","date_gmt":"2023-10-12T21:00:00","guid":{"rendered":"https:\/\/diariorepublica.com.ar\/web\/?p=8538"},"modified":"2023-10-12T18:36:01","modified_gmt":"2023-10-12T21:36:01","slug":"elevaron-a-juicio-la-causa-donde-l-gante-esta-acusado-de-privacion-ilegitima-de-la-libertad","status":"publish","type":"post","link":"https:\/\/diariorepublica.com.ar\/web\/index.php\/espectaculos\/2023\/10\/12\/elevaron-a-juicio-la-causa-donde-l-gante-esta-acusado-de-privacion-ilegitima-de-la-libertad\/","title":{"rendered":"Elevaron a juicio la causa donde L-Gante est\u00e1 acusado de privaci\u00f3n ileg\u00edtima de la libertad"},"content":{"rendered":"<p>Eli\u00e1n Valenzuela ir\u00e1\u00a0a juicio oral y p\u00fablico por un incidente\u00a0en mayo pasado en donde habr\u00eda amenazado y retenido a un vecino de General Rodr\u00edguez.<\/p>\n<p>El juez de garant\u00edas Gabriel Castro convalid\u00f3 el pedido de la fiscal\u00eda de Ra\u00fal Villalba contra L-Gante.<\/p>\n<p>Las causas por las que\u00a0el cantante ir\u00e1 a juicio oral son \u00abamenazas simples, privaci\u00f3n ileg\u00edtima de la libertad y encubrimiento agravado por el \u00e1nimo de lucro\u00bb.<\/p>\n<p>En caso de ser\u00a0encontrado culpable, Valenzuela deber\u00e1 cumplir condena en prisi\u00f3n, ya que por el delito de privaci\u00f3n ilegal de la libertad podr\u00eda recibir una pena de 15 a\u00f1os de c\u00e1rcel.<\/p>\n<p>L-Gante, recuper\u00f3 la libertad el pasado 8 de septiembre luego de haber sido beneficiado con un cese de la prisi\u00f3n preventiva en el marco de la causa en la que est\u00e1 imputado de una serie de delitos cometidos en mayo pasado en la localidad bonaerense de General Rodr\u00edguez.<\/p>\n<p><strong>LA DENUNCIA CONTRA L-GANTE<\/strong><\/p>\n<p>La denuncia que deriv\u00f3 en la detenci\u00f3n del cantante fue realizada el 27 de mayo por Dar\u00edo Gast\u00f3n Torres, vecino de la familia de Valenzuela, que reside en el barrio Bicentenario de General Rodr\u00edguez, en el oeste del conurbano.<\/p>\n<p>La ma\u00f1ana de ese d\u00eda, a la salida del local bailable \u00abR\u00edo\u00bb ubicado en esa localidad, hubo un incidente con varios j\u00f3venes integrantes de la denominada \u00abLa Mafilia\u00bb, el grupo de amigos y m\u00fasicos al que pertenece L-Gante.<\/p>\n<p>Cuando Torres se retira del boliche para dirigirse a su casa, comenz\u00f3 a recibir amenazas por parte de Valenzuela.<\/p>\n<p>Tras ello, siempre seg\u00fan la denuncia, integrantes de ese mismo grupo fueron hasta su casa y lo agredieron f\u00edsicamente tanto a \u00e9l como a su familia y luego pas\u00f3 un BMW blanco conducido por Valenzuela, que baj\u00f3 el vidrio, le apunt\u00f3 con un arma y subi\u00f3 al auto a Torres.<\/p>\n<p>A los pocos metros, tambi\u00e9n fue interceptada y obligada a subir al mismo rodado la joven Rosa Catalina Passi, tambi\u00e9n vecina del m\u00fasico y quien hab\u00eda participado de la primera discusi\u00f3n con los amigos de L-Gante.<\/p>\n<p>Luego y siempre seg\u00fan los dichos del abogado denunciante, algunos integrantes de \u00abLa Mafilia\u00bb fueron demorados por la Polic\u00eda y L-Gante regres\u00f3 hacia donde estaba el m\u00f3vil, baj\u00f3 el vidrio y les dijo a los agentes: \u00abLargame a los pibes o a \u00e9ste te lo mato\u00bb, en referencia a la v\u00edctima que estaba retenida dentro de su BMW.<\/p>\n<p>Torres permaneci\u00f3 23 minutos cautivo hasta que L-Gante recibi\u00f3 una llamada en la que le aseguraban que sus amigos hab\u00edan sido liberados por la Polic\u00eda y solt\u00f3 a las v\u00edctimas.<\/p>\n<p>Con la prueba reunida, la fiscal\u00eda solicit\u00f3 la detenci\u00f3n de Valenzuela al juez Castro, quien convalid\u00f3 el pedido y dispuso cuatro allanamientos el 6 de junio, uno de ellos en el sector 1 del country del Club Banco Provincia, donde finalmente el m\u00fasico fue detenido.<\/p>\n<p>Con informaci\u00f3n de T\u00e9lam. Foto: NA.<\/p>\n","protected":false},"excerpt":{"rendered":"<p>Eli\u00e1n Valenzuela ir\u00e1\u00a0a juicio oral y p\u00fablico por un incidente\u00a0en mayo pasado en donde habr\u00eda amenazado y retenido a un<\/p>\n","protected":false},"author":1,"featured_media":8539,"comment_status":"closed","ping_status":"closed","sticky":false,"template":"","format":"standard","meta":{"footnotes":"","jetpack_publicize_message":"","jetpack_publicize_feature_enabled":true,"jetpack_social_post_already_shared":true,"jetpack_social_options":{"image_generator_settings":{"template":"highway","enabled":false},"version":2}},"categories":[7],"tags":[],"class_list":["post-8538","post","type-post","status-publish","format-standard","has-post-thumbnail","hentry","category-espectaculos"],"jetpack_publicize_connections":[],"_links":{"self":[{"href":"https:\/\/diariorepublica.com.ar\/web\/index.php\/wp-json\/wp\/v2\/posts\/8538"}],"collection":[{"href":"https:\/\/diariorepublica.com.ar\/web\/index.php\/wp-json\/wp\/v2\/posts"}],"about":[{"href":"https:\/\/diariorepublica.com.ar\/web\/index.php\/wp-json\/wp\/v2\/types\/post"}],"author":[{"embeddable":true,"href":"https:\/\/diariorepublica.com.ar\/web\/index.php\/wp-json\/wp\/v2\/users\/1"}],"replies":[{"embeddable":true,"href":"https:\/\/diariorepublica.com.ar\/web\/index.php\/wp-json\/wp\/v2\/comments?post=8538"}],"version-history":[{"count":1,"href":"https:\/\/diariorepublica.com.ar\/web\/index.php\/wp-json\/wp\/v2\/posts\/8538\/revisions"}],"predecessor-version":[{"id":8540,"href":"https:\/\/diariorepublica.com.ar\/web\/index.php\/wp-json\/wp\/v2\/posts\/8538\/revisions\/8540"}],"wp:featuredmedia":[{"embeddable":true,"href":"https:\/\/diariorepublica.com.ar\/web\/index.php\/wp-json\/wp\/v2\/media\/8539"}],"wp:attachment":[{"href":"https:\/\/diariorepublica.com.ar\/web\/index.php\/wp-json\/wp\/v2\/media?parent=8538"}],"wp:term":[{"taxonomy":"category","embeddable":true,"href":"https:\/\/diariorepublica.com.ar\/web\/index.php\/wp-json\/wp\/v2\/categories?post=8538"},{"taxonomy":"post_tag","embeddable":true,"href":"https:\/\/diariorepublica.com.ar\/web\/index.php\/wp-json\/wp\/v2\/tags?post=8538"}],"curies":[{"name":"wp","href":"https:\/\/api.w.org\/{rel}","templated":true}]}}