{"id":8572,"date":"2023-10-15T18:24:00","date_gmt":"2023-10-15T21:24:00","guid":{"rendered":"https:\/\/diariorepublica.com.ar\/web\/?p=8572"},"modified":"2023-10-15T19:24:58","modified_gmt":"2023-10-15T22:24:58","slug":"ecuador-elige-en-segunda-vuelta-al-presidente-que-continuara-el-mandato-de-guillermo-lasso","status":"publish","type":"post","link":"https:\/\/diariorepublica.com.ar\/web\/index.php\/internacionales\/2023\/10\/15\/ecuador-elige-en-segunda-vuelta-al-presidente-que-continuara-el-mandato-de-guillermo-lasso\/","title":{"rendered":"Ecuador elige en segunda vuelta al presidente que continuar\u00e1 el mandato de Guillermo Lasso"},"content":{"rendered":"<p>uien salga victorioso permanecer\u00e1 desde finales de este a\u00f1o hasta mayo de 2025 en el cargo.<\/p>\n<p>Dese el Consejo Nacional Electoral (CNE) indicaron que los resultados de la segunda vuelta estar\u00e1n disponibles desde las 18:00, apenas una hora despu\u00e9s del cierre de los comicios.<\/p>\n<p>En primera vuelta, Gonz\u00e1lez cosech\u00f3 el 33,6 por ciento de la votaci\u00f3n, mientras que Noboa obtuvo el 23,4 por ciento de los votos.<\/p>\n<p>Sin embargo, las encuestas han mostrado a Noboa delante de Gonz\u00e1lez desde agosto, una diferencia que en algunos casos fue hasta de 10 puntos.<\/p>\n<p>Luisa Gonz\u00e1lez es abogada y m\u00e1ster en Alta Gerencia y Econom\u00eda, Ha sido funcionaria p\u00fablica en varias ocasiones.<\/p>\n<p>Asimismo, no solo ha sido legisladora sino tambi\u00e9n secretaria Nacional del Parlamento Andino, sede Ecuador, secretaria General de la Intendencia de Compa\u00f1\u00edas de Quito, secretaria Nacional de la Administraci\u00f3n P\u00fablica, ministra de Trabajo, ministra de Turismo, c\u00f3nsul de Ecuador en Madrid, entre otros.<\/p>\n<p>El candidato a vice que participar\u00e1 con Gonz\u00e1lez es Andr\u00e9s Arauz, quien se disput\u00f3 el balotaje en abril de 2021 con Guillermo Lasso. El empresario bananero y exlegislador Daniel Noboa Az\u00edn es el otro aspirante.<\/p>\n<p>Es hijo del empresario y pol\u00edtico \u00c1lvaro Noboa, quien ha intentado llegar, sin suerte, en cinco ocasiones a la Presidencia. Noboa Az\u00edn cuenta con el respaldo de la Alianza Democr\u00e1tica Nacional.<\/p>\n<p>La candidata a vice que lo acompa\u00f1a es Ver\u00f3nica Abad, oriunda de Cuenca y que particip\u00f3 en las \u00faltimas elecciones seccionales para la Alcald\u00eda de esa ciudad por el movimiento AMIGO.<\/p>\n<p>El 17 de mayo pasado, Lasso puso en marcha un mecanismo constitucional que le permiti\u00f3 disolver el congreso y convocar a nuevas elecciones.<\/p>\n<p>El mandatario utiliz\u00f3 el recurso en medio de un juicio pol\u00edtico que el Legislativo llevaba en su contra.<\/p>\n<p>De esta manera, Lasso dispuso la organizaci\u00f3n de elecciones generales extraordinarias para elegir a 137 nuevos legisladores y a un nuevo presidente para que cumplan su periodo electoral, hasta mayo de 2025, cuando se realicen elecciones generales ordinarias.<\/p>\n<p>La primera vuelta se realiz\u00f3 el 20 de agosto pasado y dio como ganador a Gonz\u00e1lez con el 33,6 por ciento de los votos.<\/p>\n<p>Foto: Gerardo Menoscal \/ AFP<\/p>\n","protected":false},"excerpt":{"rendered":"<p>uien salga victorioso permanecer\u00e1 desde finales de este a\u00f1o hasta mayo de 2025 en el cargo. Dese el Consejo Nacional<\/p>\n","protected":false},"author":1,"featured_media":8573,"comment_status":"closed","ping_status":"closed","sticky":false,"template":"","format":"standard","meta":{"footnotes":"","jetpack_publicize_message":"","jetpack_publicize_feature_enabled":true,"jetpack_social_post_already_shared":true,"jetpack_social_options":{"image_generator_settings":{"template":"highway","enabled":false},"version":2}},"categories":[6],"tags":[],"class_list":["post-8572","post","type-post","status-publish","format-standard","has-post-thumbnail","hentry","category-internacionales"],"jetpack_publicize_connections":[],"_links":{"self":[{"href":"https:\/\/diariorepublica.com.ar\/web\/index.php\/wp-json\/wp\/v2\/posts\/8572"}],"collection":[{"href":"https:\/\/diariorepublica.com.ar\/web\/index.php\/wp-json\/wp\/v2\/posts"}],"about":[{"href":"https:\/\/diariorepublica.com.ar\/web\/index.php\/wp-json\/wp\/v2\/types\/post"}],"author":[{"embeddable":true,"href":"https:\/\/diariorepublica.com.ar\/web\/index.php\/wp-json\/wp\/v2\/users\/1"}],"replies":[{"embeddable":true,"href":"https:\/\/diariorepublica.com.ar\/web\/index.php\/wp-json\/wp\/v2\/comments?post=8572"}],"version-history":[{"count":1,"href":"https:\/\/diariorepublica.com.ar\/web\/index.php\/wp-json\/wp\/v2\/posts\/8572\/revisions"}],"predecessor-version":[{"id":8574,"href":"https:\/\/diariorepublica.com.ar\/web\/index.php\/wp-json\/wp\/v2\/posts\/8572\/revisions\/8574"}],"wp:featuredmedia":[{"embeddable":true,"href":"https:\/\/diariorepublica.com.ar\/web\/index.php\/wp-json\/wp\/v2\/media\/8573"}],"wp:attachment":[{"href":"https:\/\/diariorepublica.com.ar\/web\/index.php\/wp-json\/wp\/v2\/media?parent=8572"}],"wp:term":[{"taxonomy":"category","embeddable":true,"href":"https:\/\/diariorepublica.com.ar\/web\/index.php\/wp-json\/wp\/v2\/categories?post=8572"},{"taxonomy":"post_tag","embeddable":true,"href":"https:\/\/diariorepublica.com.ar\/web\/index.php\/wp-json\/wp\/v2\/tags?post=8572"}],"curies":[{"name":"wp","href":"https:\/\/api.w.org\/{rel}","templated":true}]}}