{"id":8575,"date":"2023-10-15T14:25:00","date_gmt":"2023-10-15T17:25:00","guid":{"rendered":"https:\/\/diariorepublica.com.ar\/web\/?p=8575"},"modified":"2023-10-15T19:27:17","modified_gmt":"2023-10-15T22:27:17","slug":"lionel-messi-viajo-a-rosario-para-pasar-el-dia-de-la-madre","status":"publish","type":"post","link":"https:\/\/diariorepublica.com.ar\/web\/index.php\/deportes\/2023\/10\/15\/lionel-messi-viajo-a-rosario-para-pasar-el-dia-de-la-madre\/","title":{"rendered":"Lionel Messi viaj\u00f3 a Rosario para pasar el D\u00eda de la Madre"},"content":{"rendered":"<article id=\"article-post\" class=\"first\">\n<div class=\"cuerpo\" data-twitter-link=\"https:\/\/twitter.com\/intent\/tweet?url=https:\/\/www.diariopopular.com.ar\/c748356&amp;via=poopulardiario&amp;related=Popular&amp;text=\">\n<p>La\u00a0<strong>Selecci\u00f3n Argentina\u00a0<\/strong>tambi\u00e9n festeja el<strong>\u00a0D\u00eda de la Madre.\u00a0<\/strong>Desde el cuerpo t\u00e9cnico, y con el aval de\u00a0<strong>Claudio Tapia<\/strong>, al plantel le dieron el d\u00eda libre para que los jugadores vayan a visitar a sus familias. Uno de ellos fue\u00a0<strong>Lionel Messi<\/strong>, que post entrenamiento en el predio de Ezeiza que lleva su nombre, vol\u00f3 con rumbo a Rosario para estar junto a su familia en su ciudad natal. En el vuelo tuvo un acompa\u00f1ante de lujo,\u00a0<strong>Giovani Lo Celso\u00a0<\/strong>tambi\u00e9n se sum\u00f3.<\/p>\n<\/div>\n<\/article>\n<article id=\"article-post\">\n<div class=\"cuerpo\" data-twitter-link=\"https:\/\/twitter.com\/intent\/tweet?url=https:\/\/www.diariopopular.com.ar\/c748356&amp;via=poopulardiario&amp;related=Popular&amp;text=\">\n<p>En una de las pistas de Ezeiza lo esperaba un vuelo privado al astro argentino que se iba a Rosario para celebrar el d\u00eda festivo con su madre,\u00a0<strong>Celia Mar\u00eda Cuccittini<\/strong>\u00a0y sus hermanos\u00a0<strong>Rodrigo<\/strong>,\u00a0<strong>Mat\u00edas\u00a0<\/strong>y\u00a0<strong>Mar\u00eda Sol<\/strong>. Adem\u00e1s, obviamente, de estar con su mujer\u00a0<strong>Antonella Roccuzzo<\/strong>\u00a0y sus hijos\u00a0<strong>Thiago, Mateo y Ciro<\/strong>.<\/p>\n<p>Durante la noche, Messi volver\u00e1 a viajar\u00a0 a Ezeiza y estar\u00e1 presente en el \u00faltimo entrenamiento de la Selecci\u00f3n Argentina que ser\u00e1 este lunes por la ma\u00f1ana. <strong>Lionel Scaloni\u00a0<\/strong>todav\u00eda no confirm\u00f3 si va estar presente en el partido frente a Per\u00fa por la 4ta fecha de las Eliminatorias Sudamericanas.<\/p>\n<\/div>\n<\/article>\n","protected":false},"excerpt":{"rendered":"<p>La\u00a0Selecci\u00f3n Argentina\u00a0tambi\u00e9n festeja el\u00a0D\u00eda de la Madre.\u00a0Desde el cuerpo t\u00e9cnico, y con el aval de\u00a0Claudio Tapia, al plantel le dieron<\/p>\n","protected":false},"author":1,"featured_media":8576,"comment_status":"closed","ping_status":"closed","sticky":false,"template":"","format":"standard","meta":{"footnotes":"","jetpack_publicize_message":"","jetpack_publicize_feature_enabled":true,"jetpack_social_post_already_shared":true,"jetpack_social_options":{"image_generator_settings":{"template":"highway","enabled":false},"version":2}},"categories":[9],"tags":[],"class_list":["post-8575","post","type-post","status-publish","format-standard","has-post-thumbnail","hentry","category-deportes"],"jetpack_publicize_connections":[],"_links":{"self":[{"href":"https:\/\/diariorepublica.com.ar\/web\/index.php\/wp-json\/wp\/v2\/posts\/8575"}],"collection":[{"href":"https:\/\/diariorepublica.com.ar\/web\/index.php\/wp-json\/wp\/v2\/posts"}],"about":[{"href":"https:\/\/diariorepublica.com.ar\/web\/index.php\/wp-json\/wp\/v2\/types\/post"}],"author":[{"embeddable":true,"href":"https:\/\/diariorepublica.com.ar\/web\/index.php\/wp-json\/wp\/v2\/users\/1"}],"replies":[{"embeddable":true,"href":"https:\/\/diariorepublica.com.ar\/web\/index.php\/wp-json\/wp\/v2\/comments?post=8575"}],"version-history":[{"count":2,"href":"https:\/\/diariorepublica.com.ar\/web\/index.php\/wp-json\/wp\/v2\/posts\/8575\/revisions"}],"predecessor-version":[{"id":8578,"href":"https:\/\/diariorepublica.com.ar\/web\/index.php\/wp-json\/wp\/v2\/posts\/8575\/revisions\/8578"}],"wp:featuredmedia":[{"embeddable":true,"href":"https:\/\/diariorepublica.com.ar\/web\/index.php\/wp-json\/wp\/v2\/media\/8576"}],"wp:attachment":[{"href":"https:\/\/diariorepublica.com.ar\/web\/index.php\/wp-json\/wp\/v2\/media?parent=8575"}],"wp:term":[{"taxonomy":"category","embeddable":true,"href":"https:\/\/diariorepublica.com.ar\/web\/index.php\/wp-json\/wp\/v2\/categories?post=8575"},{"taxonomy":"post_tag","embeddable":true,"href":"https:\/\/diariorepublica.com.ar\/web\/index.php\/wp-json\/wp\/v2\/tags?post=8575"}],"curies":[{"name":"wp","href":"https:\/\/api.w.org\/{rel}","templated":true}]}}