{"id":8579,"date":"2023-10-15T23:27:00","date_gmt":"2023-10-16T02:27:00","guid":{"rendered":"https:\/\/diariorepublica.com.ar\/web\/?p=8579"},"modified":"2023-10-15T19:28:58","modified_gmt":"2023-10-15T22:28:58","slug":"la-gira-del-inter-miami-con-messi-a-la-cabeza-que-afectaria-a-la-seleccion","status":"publish","type":"post","link":"https:\/\/diariorepublica.com.ar\/web\/index.php\/deportes\/2023\/10\/15\/la-gira-del-inter-miami-con-messi-a-la-cabeza-que-afectaria-a-la-seleccion\/","title":{"rendered":"La gira del Inter Miami con Messi a la cabeza que afectar\u00eda a la Selecci\u00f3n"},"content":{"rendered":"<article id=\"article-post\" class=\"first\">\n<div class=\"cuerpo\" data-twitter-link=\"https:\/\/twitter.com\/intent\/tweet?url=https:\/\/www.diariopopular.com.ar\/c748358&amp;via=poopulardiario&amp;related=Popular&amp;text=\">\n<p>El\u00a0<strong>Inter Miami<\/strong>\u00a0de\u00a0<strong>David Beckham<\/strong>\u00a0con\u00a0<strong>Lionel Messi\u00a0<\/strong>a la cabeza confirm\u00f3 la gira internacional que tendr\u00e1 y que podr\u00e1 afectar en el calendario de la\u00a0<strong>Selecci\u00f3n Argentina<\/strong>. Esto ser\u00e1 en los primeros d\u00edas de noviembre en cuanto el cuadro estadounidense visite\u00a0<strong>China<\/strong>\u00a0para disputar una serie de partidos amistosos con clubes de la\u00a0<strong>Superliga China<\/strong>.<\/p>\n<\/div>\n<\/article>\n<article id=\"article-post\">\n<div class=\"cuerpo\" data-twitter-link=\"https:\/\/twitter.com\/intent\/tweet?url=https:\/\/www.diariopopular.com.ar\/c748358&amp;via=poopulardiario&amp;related=Popular&amp;text=\">\n<h6>El calendario de Inter<\/h6>\n<p>Ser\u00e1n dos los partidos amistosos que va a disputar Inter en el pa\u00eds oriental\u00a0<strong>entre el domingo 5 y el mi\u00e9rcoles 8,<\/strong>\u00a0seg\u00fan confirm\u00f3 la franquicia estadounidense en sus redes sociales.\u00a0<strong>Los dos amistosos del equipo dirigido por el argentino Gerardo Martino se disputar\u00e1n en estadios con capacidad superior a las 50.000 personas.<\/strong><\/p>\n<p>El primer compromiso ser\u00e1 en la ciudad de\u00a0<strong>Qingdao\u00a0<\/strong>contra el equipo local del<strong>\u00a0Qingdao Hainiu<\/strong>, que ocupa el 13\u00b0 puesto entre los 16 participantes de la primera divisi\u00f3n, y el segundo frente a\u00a0<strong>Chengdu Rongcheng\u00a0<\/strong>(6\u00b0).<\/p>\n<p>\u00bfY por qu\u00e9 esto puede afectar a la\u00a0<strong>Selecci\u00f3n Argentina<\/strong>? Por c\u00f3mo llega su l\u00edder,\u00a0<strong>Lionel Messi<\/strong>. Ya esto ser\u00e1 una semana antes de la doble fecha de las\u00a0<strong>Eliminatorias Sudamericanas para el Mundial 2026<\/strong>\u00a0m\u00e1s importante que tiene\u00a0<strong>Argentina<\/strong>\u00a0en el a\u00f1o:\u00a0<strong>Uruguay el 16 de noviembre de local y nada m\u00e1s y nada menos que Brasil el 21 de noviembre en el Maracan\u00e1.<\/strong><\/p>\n<p>A pesar de que hay tiempo de recuperaci\u00f3n para el &#8217;10&#8217;, ser\u00e1 una fecha con muchos viajes para Leo y con partidos importantes en el medio, sobre todo los que afrontar\u00e1 con la Albiceleste. M\u00e1s a\u00fan que en estos momentos no est\u00e1 al 100% desde lo f\u00edsico.<\/p>\n<h6>\u00bfQui\u00e9n es el encargado de la gira?<\/h6>\n<p><strong>La gira se concreta tras un acuerdo de las empresas NSN (Never Say Never) y la china Maijia Sports. NSN, compa\u00f1\u00eda internacional con sede en Barcelona,<\/strong>\u00a0fue la encargada de organizar el partido entre el Barca y Vissel Kobe, que se disput\u00f3 el pasado 7 de junio en Tokio, con la asistencia de 50.000 espectadores en el Estadio Nacional.<\/p>\n<div id=\"embed26_wrap\" class=\"embed_cont type_freetext\" contenteditable=\"false\">\n<div id=\"embed26_content\" class=\"embed_content\">\n<div id=\"embed26_embed\">\n<div class=\"twitter-tweet twitter-tweet-rendered\"><iframe id=\"twitter-widget-0\" class=\"\" title=\"Twitter Tweet\" src=\"https:\/\/platform.twitter.com\/embed\/Tweet.html?creatorScreenName=diariopopular&amp;dnt=false&amp;embedId=twitter-widget-0&amp;features=eyJ0ZndfdGltZWxpbmVfbGlzdCI6eyJidWNrZXQiOltdLCJ2ZXJzaW9uIjpudWxsfSwidGZ3X2ZvbGxvd2VyX2NvdW50X3N1bnNldCI6eyJidWNrZXQiOnRydWUsInZlcnNpb24iOm51bGx9LCJ0ZndfdHdlZXRfZWRpdF9iYWNrZW5kIjp7ImJ1Y2tldCI6Im9uIiwidmVyc2lvbiI6bnVsbH0sInRmd19yZWZzcmNfc2Vzc2lvbiI6eyJidWNrZXQiOiJvbiIsInZlcnNpb24iOm51bGx9LCJ0ZndfZm9zbnJfc29mdF9pbnRlcnZlbnRpb25zX2VuYWJsZWQiOnsiYnVja2V0Ijoib24iLCJ2ZXJzaW9uIjpudWxsfSwidGZ3X21peGVkX21lZGlhXzE1ODk3Ijp7ImJ1Y2tldCI6InRyZWF0bWVudCIsInZlcnNpb24iOm51bGx9LCJ0ZndfZXhwZXJpbWVudHNfY29va2llX2V4cGlyYXRpb24iOnsiYnVja2V0IjoxMjA5NjAwLCJ2ZXJzaW9uIjpudWxsfSwidGZ3X3Nob3dfYmlyZHdhdGNoX3Bpdm90c19lbmFibGVkIjp7ImJ1Y2tldCI6Im9uIiwidmVyc2lvbiI6bnVsbH0sInRmd19kdXBsaWNhdGVfc2NyaWJlc190b19zZXR0aW5ncyI6eyJidWNrZXQiOiJvbiIsInZlcnNpb24iOm51bGx9LCJ0ZndfdXNlX3Byb2ZpbGVfaW1hZ2Vfc2hhcGVfZW5hYmxlZCI6eyJidWNrZXQiOiJvbiIsInZlcnNpb24iOm51bGx9LCJ0ZndfdmlkZW9faGxzX2R5bmFtaWNfbWFuaWZlc3RzXzE1MDgyIjp7ImJ1Y2tldCI6InRydWVfYml0cmF0ZSIsInZlcnNpb24iOm51bGx9LCJ0ZndfbGVnYWN5X3RpbWVsaW5lX3N1bnNldCI6eyJidWNrZXQiOnRydWUsInZlcnNpb24iOm51bGx9LCJ0ZndfdHdlZXRfZWRpdF9mcm9udGVuZCI6eyJidWNrZXQiOiJvbiIsInZlcnNpb24iOm51bGx9fQ%3D%3D&amp;frame=false&amp;hideCard=false&amp;hideThread=false&amp;id=1713412687802323003&amp;lang=en&amp;origin=https%3A%2F%2Fwww.diariopopular.com.ar%2Ffutbol%2Fla-gira-del-inter-miami-messi-la-cabeza-que-afectaria-la-seleccion-n748358&amp;sessionId=c25a4a0edb3c193af306e72456c980d77256604e&amp;siteScreenName=diariopopular&amp;theme=light&amp;widgetsVersion=01917f4d1d4cb%3A1696883169554&amp;width=550px\" frameborder=\"0\" scrolling=\"no\" allowfullscreen=\"allowfullscreen\" data-tweet-id=\"1713412687802323003\" data-gtm-yt-inspected-11=\"true\" data-mce-fragment=\"1\"><\/iframe><\/div>\n<\/div>\n<\/div>\n<div id=\"embed26_epigrafe\" class=\"embed_epigrafe\"><\/div>\n<div id=\"embed26_copyright\" class=\"embed_copyright\"><\/div>\n<\/div>\n<p><strong>\u00abEstamos muy emocionados de continuar expandiendo el alcance global de nuestro club, haciendo que nuestro equipo juegue frente a fan\u00e1ticos incre\u00edbles en todo el mundo.\u00a0<\/strong>Esta es una oportunidad especial para compartir la pasi\u00f3n a medida que llegamos a nuevas audiencias y nos exhibimos en nuevos lugares, y estamos ansiosos por comenzar esta aventura\u00bb, dijo el director comercial de Inter Miami, Xavier Asensi.<\/p>\n<p>\u00abEsta ser\u00e1 una gran oportunidad para seguir construyendo nuestra campa\u00f1a 2023, en la que logramos nuestro primer trofeo.<strong>\u00a0Aprovecharemos esto como una oportunidad para comenzar nuestros preparativos para 2024, mientras buscamos aprovechar la temporada pasada y encontrar m\u00e1s \u00e9xitos en el futuro\u00bb,\u00a0<\/strong>coment\u00f3 el director deportivo y director de f\u00fatbol, Chris Henderson.<\/p>\n<\/div>\n<\/article>\n","protected":false},"excerpt":{"rendered":"<p>El\u00a0Inter Miami\u00a0de\u00a0David Beckham\u00a0con\u00a0Lionel Messi\u00a0a la cabeza confirm\u00f3 la gira internacional que tendr\u00e1 y que podr\u00e1 afectar en el calendario de<\/p>\n","protected":false},"author":1,"featured_media":8580,"comment_status":"closed","ping_status":"closed","sticky":false,"template":"","format":"standard","meta":{"footnotes":"","jetpack_publicize_message":"","jetpack_publicize_feature_enabled":true,"jetpack_social_post_already_shared":true,"jetpack_social_options":{"image_generator_settings":{"template":"highway","enabled":false},"version":2}},"categories":[9],"tags":[],"class_list":["post-8579","post","type-post","status-publish","format-standard","has-post-thumbnail","hentry","category-deportes"],"jetpack_publicize_connections":[],"_links":{"self":[{"href":"https:\/\/diariorepublica.com.ar\/web\/index.php\/wp-json\/wp\/v2\/posts\/8579"}],"collection":[{"href":"https:\/\/diariorepublica.com.ar\/web\/index.php\/wp-json\/wp\/v2\/posts"}],"about":[{"href":"https:\/\/diariorepublica.com.ar\/web\/index.php\/wp-json\/wp\/v2\/types\/post"}],"author":[{"embeddable":true,"href":"https:\/\/diariorepublica.com.ar\/web\/index.php\/wp-json\/wp\/v2\/users\/1"}],"replies":[{"embeddable":true,"href":"https:\/\/diariorepublica.com.ar\/web\/index.php\/wp-json\/wp\/v2\/comments?post=8579"}],"version-history":[{"count":1,"href":"https:\/\/diariorepublica.com.ar\/web\/index.php\/wp-json\/wp\/v2\/posts\/8579\/revisions"}],"predecessor-version":[{"id":8581,"href":"https:\/\/diariorepublica.com.ar\/web\/index.php\/wp-json\/wp\/v2\/posts\/8579\/revisions\/8581"}],"wp:featuredmedia":[{"embeddable":true,"href":"https:\/\/diariorepublica.com.ar\/web\/index.php\/wp-json\/wp\/v2\/media\/8580"}],"wp:attachment":[{"href":"https:\/\/diariorepublica.com.ar\/web\/index.php\/wp-json\/wp\/v2\/media?parent=8579"}],"wp:term":[{"taxonomy":"category","embeddable":true,"href":"https:\/\/diariorepublica.com.ar\/web\/index.php\/wp-json\/wp\/v2\/categories?post=8579"},{"taxonomy":"post_tag","embeddable":true,"href":"https:\/\/diariorepublica.com.ar\/web\/index.php\/wp-json\/wp\/v2\/tags?post=8579"}],"curies":[{"name":"wp","href":"https:\/\/api.w.org\/{rel}","templated":true}]}}