{"id":8604,"date":"2023-10-17T01:51:00","date_gmt":"2023-10-17T04:51:00","guid":{"rendered":"https:\/\/diariorepublica.com.ar\/web\/?p=8604"},"modified":"2023-10-17T07:54:42","modified_gmt":"2023-10-17T10:54:42","slug":"hamas-publico-el-primer-video-de-una-joven-israeli-secuestrada-en-gaza","status":"publish","type":"post","link":"https:\/\/diariorepublica.com.ar\/web\/index.php\/internacionales\/2023\/10\/17\/hamas-publico-el-primer-video-de-una-joven-israeli-secuestrada-en-gaza\/","title":{"rendered":"Ham\u00e1s public\u00f3 el primer video de una joven israel\u00ed secuestrada en Gaza"},"content":{"rendered":"<article id=\"article-post\" class=\"first\">\n<div class=\"cuerpo\" data-twitter-link=\"https:\/\/twitter.com\/intent\/tweet?url=https:\/\/www.diariopopular.com.ar\/c748535&amp;via=poopulardiario&amp;related=Popular&amp;text=\">\n<p>El grupo terrorista\u00a0<strong>Ham\u00e1s<\/strong>\u00a0difundi\u00f3 este lunes el primer video video de\u00a0<strong>\u00abuna de las cautivas Gaza\u00bb<\/strong>, en el que aparece una joven hablando en hebreo. Las im\u00e1genes se conocieron a trav\u00e9s de la cuenta oficial del movimiento radical en la red de mensajer\u00eda Telegram y hasta ahora\u00a0<strong>no fueron verificadas ni confirmadas por autoridades israel\u00edes<\/strong>.<\/p>\n<\/div>\n<\/article>\n<article id=\"article-post\">\n<div class=\"cuerpo\" data-twitter-link=\"https:\/\/twitter.com\/intent\/tweet?url=https:\/\/www.diariopopular.com.ar\/c748535&amp;via=poopulardiario&amp;related=Popular&amp;text=\">\n<p>El video indica que la joven, a la que se ve con heridas en uno de sus brazos,<strong>\u00a0fue secuestrada \u00aben el primer d\u00eda\u00bb del ataque de Ham\u00e1s en territorio israel\u00ed<\/strong>, el 7 de octubre pasado.<\/p>\n<p><strong>\u00abMe llamo Maya Sham, tengo 21 a\u00f1os y soy de (la localidad de) Shoham. Ahora mismo estoy en Gaza. Volv\u00ed el s\u00e1bado por la ma\u00f1ana temprano de una fiesta en (la ciudad de) Sderot. Me hirieron gravemente en la mano. Me trajeron a Gaza y me llevaron al hospital de aqu\u00ed. Me han estado cuidando, d\u00e1ndome medicaci\u00f3n\u00bb<\/strong>, asegur\u00f3 la joven en el video, seg\u00fan recogi\u00f3 el diario israel\u00ed Haaretz.<\/p>\n<p><strong>\u00abS\u00f3lo pido que me lleven de vuelta a casa lo antes posible con mi familia<\/strong>, mis padres, mis hermanos. Por favor, s\u00e1quenme de aqu\u00ed lo antes posible\u00bb, suplic\u00f3.<\/p>\n<p><strong>M\u00e1s de 1.400 personas murieron en Israel en el ataque de Hamas el 7 de este mes<\/strong>, seg\u00fan las \u00faltimas cifras brindadas por responsables israel\u00edes. En tanto,\u00a0<strong>m\u00e1s de 2.750 personas perdieron la vida<\/strong>\u00a0en bombardeos israel\u00edes de represalia en la Franja de Gaza.<\/p>\n<div id=\"embed3218_wrap\" class=\"embed_cont type_freetext\" contenteditable=\"false\" data-provider=\"twitter\">\n<div id=\"embed3218_content\" class=\"embed_content\">\n<div id=\"embed3218_embed\">\n<div class=\"twitter-tweet twitter-tweet-rendered\"><iframe id=\"twitter-widget-0\" class=\"\" title=\"Twitter Tweet\" src=\"https:\/\/platform.twitter.com\/embed\/Tweet.html?creatorScreenName=diariopopular&amp;dnt=false&amp;embedId=twitter-widget-0&amp;features=eyJ0ZndfdGltZWxpbmVfbGlzdCI6eyJidWNrZXQiOltdLCJ2ZXJzaW9uIjpudWxsfSwidGZ3X2ZvbGxvd2VyX2NvdW50X3N1bnNldCI6eyJidWNrZXQiOnRydWUsInZlcnNpb24iOm51bGx9LCJ0ZndfdHdlZXRfZWRpdF9iYWNrZW5kIjp7ImJ1Y2tldCI6Im9uIiwidmVyc2lvbiI6bnVsbH0sInRmd19yZWZzcmNfc2Vzc2lvbiI6eyJidWNrZXQiOiJvbiIsInZlcnNpb24iOm51bGx9LCJ0ZndfZm9zbnJfc29mdF9pbnRlcnZlbnRpb25zX2VuYWJsZWQiOnsiYnVja2V0Ijoib24iLCJ2ZXJzaW9uIjpudWxsfSwidGZ3X21peGVkX21lZGlhXzE1ODk3Ijp7ImJ1Y2tldCI6InRyZWF0bWVudCIsInZlcnNpb24iOm51bGx9LCJ0ZndfZXhwZXJpbWVudHNfY29va2llX2V4cGlyYXRpb24iOnsiYnVja2V0IjoxMjA5NjAwLCJ2ZXJzaW9uIjpudWxsfSwidGZ3X3Nob3dfYmlyZHdhdGNoX3Bpdm90c19lbmFibGVkIjp7ImJ1Y2tldCI6Im9uIiwidmVyc2lvbiI6bnVsbH0sInRmd19kdXBsaWNhdGVfc2NyaWJlc190b19zZXR0aW5ncyI6eyJidWNrZXQiOiJvbiIsInZlcnNpb24iOm51bGx9LCJ0ZndfdXNlX3Byb2ZpbGVfaW1hZ2Vfc2hhcGVfZW5hYmxlZCI6eyJidWNrZXQiOiJvbiIsInZlcnNpb24iOm51bGx9LCJ0ZndfdmlkZW9faGxzX2R5bmFtaWNfbWFuaWZlc3RzXzE1MDgyIjp7ImJ1Y2tldCI6InRydWVfYml0cmF0ZSIsInZlcnNpb24iOm51bGx9LCJ0ZndfbGVnYWN5X3RpbWVsaW5lX3N1bnNldCI6eyJidWNrZXQiOnRydWUsInZlcnNpb24iOm51bGx9LCJ0ZndfdHdlZXRfZWRpdF9mcm9udGVuZCI6eyJidWNrZXQiOiJvbiIsInZlcnNpb24iOm51bGx9fQ%3D%3D&amp;frame=false&amp;hideCard=false&amp;hideThread=false&amp;id=1714035950907441192&amp;lang=en&amp;origin=https%3A%2F%2Fwww.diariopopular.com.ar%2Finternacionales%2Fhamas-publico-el-primer-video-una-joven-israeli-secuestrada-gaza-n748535&amp;sessionId=7c18fbbd2d571a812796181bfc682c12260e3f2d&amp;siteScreenName=diariopopular&amp;theme=light&amp;widgetsVersion=01917f4d1d4cb%3A1696883169554&amp;width=550px\" frameborder=\"0\" scrolling=\"no\" allowfullscreen=\"allowfullscreen\" data-tweet-id=\"1714035950907441192\" data-gtm-yt-inspected-11=\"true\" data-mce-fragment=\"1\"><\/iframe><\/div>\n<\/div>\n<\/div>\n<div id=\"embed3218_epigrafe\" class=\"embed_epigrafe\"><\/div>\n<div id=\"embed3218_copyright\" class=\"embed_copyright\"><\/div>\n<\/div>\n<h6>Ham\u00e1s pide la liberaci\u00f3n de 6.000 prisioneros a cambio de 200 rehenes israel\u00edes<\/h6>\n<p>Por otro lado,\u00a0<strong>Ham\u00e1s<\/strong>\u00a0lanz\u00f3 este lunes un intento de negociaci\u00f3n con Israel, al confirmar que<strong>\u00a0tiene en su poder entre 200 y 250 rehenes,<\/strong>\u00a0y que a cambio de su liberaci\u00f3n exige que\u00a0<strong>Tel Aviv deje en libertad a unos 6.000 prisioneros palestinos<\/strong>\u00a0actualmente en c\u00e1rceles de israel\u00edes.<\/p>\n<p>A trav\u00e9s de una declaraci\u00f3n televisada, el portavoz militar de Ham\u00e1s,\u00a0<strong>Abu Obeida<\/strong>, explic\u00f3 que\u00a0<strong>a\u00fan no hay un recuento definitivo de los rehenes<\/strong>, debido a \u00abdificultades pr\u00e1cticas y de seguridad\u00bb, pero asegur\u00f3 que\u00a0<strong>200 de ellos se encuentran en manos de Ham\u00e1s<\/strong>\u00a0y otras 50 personas est\u00e1n retenidas por otras \u00abfacciones de la resistencia y otros lugares\u00bb.<\/p>\n<p>Obeida afirm\u00f3 tambi\u00e9n que los rehenes extranjeros son \u00abinvitados\u00bb del grupo terrorista y prometi\u00f3 protegerlos y liberarlos\u00a0<strong>cuando las condiciones \u00absobre el terreno\u00bb lo permita\u00bb<\/strong>.<\/p>\n<p>Asimismo, el portavoz militar se\u00f1al\u00f3 que la amenaza de\u00a0<strong>una operaci\u00f3n terrestre israel\u00ed en Gaza no \u00abasusta\u00bb al movimiento palestino<\/strong>. \u00abEstamos preparado para eso\u00bb, dijo.<\/p>\n<p>Por su parte,\u00a0<strong>Basem Naim<\/strong>, exministro palestino y responsable de las relaciones internacionales de Ham\u00e1s, coment\u00f3 a la cadena Sky News que\u00a0<strong>\u00abes imposible\u00bb verificar si los 199 civiles israel\u00edes tomados como rehenes siguen con vida,<\/strong>\u00a0porque Gaza est\u00e1 sometida a intensos bombardeos.<\/p>\n<p>\u00abHemos dicho a todos los mediadores que estamos dispuestos a\u00a0<strong>liberar a todos los rehenes civiles cuando cese la agresi\u00f3n contra nuestro pueblo\u00bb<\/strong>, coment\u00f3 Naim en una entrevista con el canal brit\u00e1nico de noticias<\/p>\n<p>El responsable de Ham\u00e1s advirti\u00f3 tambi\u00e9n que la continuidad de los bombardeos de las fuerzas israel\u00edes\u00a0<strong>podr\u00eda poner en peligro la vida de los rehenes<\/strong>, de los que hasta ahora han muerto nueve.<\/p>\n<\/div>\n<\/article>\n","protected":false},"excerpt":{"rendered":"<p>El grupo terrorista\u00a0Ham\u00e1s\u00a0difundi\u00f3 este lunes el primer video video de\u00a0\u00abuna de las cautivas Gaza\u00bb, en el que aparece una joven<\/p>\n","protected":false},"author":1,"featured_media":8605,"comment_status":"closed","ping_status":"closed","sticky":false,"template":"","format":"standard","meta":{"footnotes":"","jetpack_publicize_message":"","jetpack_publicize_feature_enabled":true,"jetpack_social_post_already_shared":true,"jetpack_social_options":{"image_generator_settings":{"template":"highway","enabled":false},"version":2}},"categories":[6],"tags":[],"class_list":["post-8604","post","type-post","status-publish","format-standard","has-post-thumbnail","hentry","category-internacionales"],"jetpack_publicize_connections":[],"_links":{"self":[{"href":"https:\/\/diariorepublica.com.ar\/web\/index.php\/wp-json\/wp\/v2\/posts\/8604"}],"collection":[{"href":"https:\/\/diariorepublica.com.ar\/web\/index.php\/wp-json\/wp\/v2\/posts"}],"about":[{"href":"https:\/\/diariorepublica.com.ar\/web\/index.php\/wp-json\/wp\/v2\/types\/post"}],"author":[{"embeddable":true,"href":"https:\/\/diariorepublica.com.ar\/web\/index.php\/wp-json\/wp\/v2\/users\/1"}],"replies":[{"embeddable":true,"href":"https:\/\/diariorepublica.com.ar\/web\/index.php\/wp-json\/wp\/v2\/comments?post=8604"}],"version-history":[{"count":1,"href":"https:\/\/diariorepublica.com.ar\/web\/index.php\/wp-json\/wp\/v2\/posts\/8604\/revisions"}],"predecessor-version":[{"id":8606,"href":"https:\/\/diariorepublica.com.ar\/web\/index.php\/wp-json\/wp\/v2\/posts\/8604\/revisions\/8606"}],"wp:featuredmedia":[{"embeddable":true,"href":"https:\/\/diariorepublica.com.ar\/web\/index.php\/wp-json\/wp\/v2\/media\/8605"}],"wp:attachment":[{"href":"https:\/\/diariorepublica.com.ar\/web\/index.php\/wp-json\/wp\/v2\/media?parent=8604"}],"wp:term":[{"taxonomy":"category","embeddable":true,"href":"https:\/\/diariorepublica.com.ar\/web\/index.php\/wp-json\/wp\/v2\/categories?post=8604"},{"taxonomy":"post_tag","embeddable":true,"href":"https:\/\/diariorepublica.com.ar\/web\/index.php\/wp-json\/wp\/v2\/tags?post=8604"}],"curies":[{"name":"wp","href":"https:\/\/api.w.org\/{rel}","templated":true}]}}