{"id":8634,"date":"2023-10-17T15:42:00","date_gmt":"2023-10-17T18:42:00","guid":{"rendered":"https:\/\/diariorepublica.com.ar\/web\/?p=8634"},"modified":"2023-10-17T17:42:53","modified_gmt":"2023-10-17T20:42:53","slug":"lotocki-no-sera-juzgado-por-la-muerte-de-silvina-luna-pero-quedo-complicado-en-otra-causa","status":"publish","type":"post","link":"https:\/\/diariorepublica.com.ar\/web\/index.php\/espectaculos\/2023\/10\/17\/lotocki-no-sera-juzgado-por-la-muerte-de-silvina-luna-pero-quedo-complicado-en-otra-causa\/","title":{"rendered":"Lotocki no ser\u00e1 juzgado por la muerte de Silvina Luna pero qued\u00f3 complicado en otra causa"},"content":{"rendered":"<p>El juez Luis Schelgel determin\u00f3 este martes que\u00a0An\u00edbal Lotocki no puede ser juzgado por\u00a0la muerte de Silvina Luna.<\/p>\n<p>De acuerdo con el magistrado,\u00a0ya hab\u00eda sido condenado en 2022 por el Tribunal N\u00b028 a cuatro a\u00f1os de c\u00e1rcel por las lesiones graves que sufri\u00f3 la modelo\u00a0y no puede enfrentar otro proceso por el mismo hecho.<\/p>\n<p>Ese\u00a0fallo espera una confirmaci\u00f3n en Casaci\u00f3n, en una causa en la que\u00a0adem\u00e1s Lotocki fue inhabilitado para ejercer como m\u00e9dico.<\/p>\n<p>Por otra parte,\u00a0la C\u00e1mara Nacional de Apelaciones en lo Criminal y Correccional confirm\u00f3 el procesamiento de Lotocki por la muerte de Cristian Z\u00e1rate.<\/p>\n<p>Se trata del paciente de 50 a\u00f1os, que el 15 de abril de 2021 se someti\u00f3 a un procedimiento para que le saquen un leve exceso de grasa (dermolipectom\u00eda) y una hernia abdominal.<\/p>\n<p>Ocurri\u00f3 en la cl\u00ednica Cemeco de Caballito, donde Lotocki alquilaba un quir\u00f3fano para seguir operando durante la pandemia, mientras el Gobierno de la Ciudad hab\u00eda decretado que s\u00f3lo deb\u00edan realizarse operaciones de riesgo de vida.<\/p>\n<p>Z\u00e1rate se descompens\u00f3 cuando estaba en observaci\u00f3n, lo intubaron y\u00a0muri\u00f3 tras entrar\u00a0en un paro card\u00edaco.<\/p>\n<p>En esta causa Lotocki est\u00e1 acusado\u00a0de homicidio simple con dolo eventual, ya que la denuncia apunta a que\u00a0sigui\u00f3 adelante con la operaci\u00f3n a pesar de con\u00a0sus conocimientos m\u00e9dicos deber\u00eda habers representado que Z\u00e1rate pod\u00eda morir ante las complicaciones.<\/p>\n","protected":false},"excerpt":{"rendered":"<p>El juez Luis Schelgel determin\u00f3 este martes que\u00a0An\u00edbal Lotocki no puede ser juzgado por\u00a0la muerte de Silvina Luna. De acuerdo<\/p>\n","protected":false},"author":1,"featured_media":8635,"comment_status":"closed","ping_status":"closed","sticky":false,"template":"","format":"standard","meta":{"footnotes":"","jetpack_publicize_message":"","jetpack_publicize_feature_enabled":true,"jetpack_social_post_already_shared":true,"jetpack_social_options":{"image_generator_settings":{"template":"highway","enabled":false},"version":2}},"categories":[7],"tags":[],"class_list":["post-8634","post","type-post","status-publish","format-standard","has-post-thumbnail","hentry","category-espectaculos"],"jetpack_publicize_connections":[],"_links":{"self":[{"href":"https:\/\/diariorepublica.com.ar\/web\/index.php\/wp-json\/wp\/v2\/posts\/8634"}],"collection":[{"href":"https:\/\/diariorepublica.com.ar\/web\/index.php\/wp-json\/wp\/v2\/posts"}],"about":[{"href":"https:\/\/diariorepublica.com.ar\/web\/index.php\/wp-json\/wp\/v2\/types\/post"}],"author":[{"embeddable":true,"href":"https:\/\/diariorepublica.com.ar\/web\/index.php\/wp-json\/wp\/v2\/users\/1"}],"replies":[{"embeddable":true,"href":"https:\/\/diariorepublica.com.ar\/web\/index.php\/wp-json\/wp\/v2\/comments?post=8634"}],"version-history":[{"count":1,"href":"https:\/\/diariorepublica.com.ar\/web\/index.php\/wp-json\/wp\/v2\/posts\/8634\/revisions"}],"predecessor-version":[{"id":8636,"href":"https:\/\/diariorepublica.com.ar\/web\/index.php\/wp-json\/wp\/v2\/posts\/8634\/revisions\/8636"}],"wp:featuredmedia":[{"embeddable":true,"href":"https:\/\/diariorepublica.com.ar\/web\/index.php\/wp-json\/wp\/v2\/media\/8635"}],"wp:attachment":[{"href":"https:\/\/diariorepublica.com.ar\/web\/index.php\/wp-json\/wp\/v2\/media?parent=8634"}],"wp:term":[{"taxonomy":"category","embeddable":true,"href":"https:\/\/diariorepublica.com.ar\/web\/index.php\/wp-json\/wp\/v2\/categories?post=8634"},{"taxonomy":"post_tag","embeddable":true,"href":"https:\/\/diariorepublica.com.ar\/web\/index.php\/wp-json\/wp\/v2\/tags?post=8634"}],"curies":[{"name":"wp","href":"https:\/\/api.w.org\/{rel}","templated":true}]}}