{"id":8643,"date":"2023-10-18T07:09:33","date_gmt":"2023-10-18T10:09:33","guid":{"rendered":"https:\/\/diariorepublica.com.ar\/web\/?p=8643"},"modified":"2023-10-18T07:09:35","modified_gmt":"2023-10-18T10:09:35","slug":"en-la-causa-judicial-avanzamos-un-paso-y-retrocedemos-diez","status":"publish","type":"post","link":"https:\/\/diariorepublica.com.ar\/web\/index.php\/politica\/2023\/10\/18\/en-la-causa-judicial-avanzamos-un-paso-y-retrocedemos-diez\/","title":{"rendered":"\u201cEn la causa judicial avanzamos un paso y retrocedemos diez\u201d"},"content":{"rendered":"<p>El actual intendente de Ba\u00f1ado de Ovanta, que aspira a un quinto mandato, Elpidio Guaraz, contin\u00faa dilatando su proceso penal en las causas que lo investigan por abuso sexual, privaci\u00f3n ileg\u00edtima de la libertad, y violencia de g\u00e9nero. Ambas denuncias fueron radicadas en junio de 2021.<\/p>\n<p>El jefe comunal est\u00e1 imputado en dos causas. La primera es un delito contra la administraci\u00f3n p\u00fablica, que incluye violencia de g\u00e9nero. Al respecto, la abogada de la denunciante, Natalia P\u00e1ez Vaca, se\u00f1al\u00f3 que la causa se encuentra \u00abbastante paralizada\u00bb.<\/p>\n<p>La letrada record\u00f3 que su defendida \u00abrecibi\u00f3 mensajes de indoles sexual\u00bb por parte de Guaraz, y \u00abal no acceder a los pedidos del intendente\u00bb, le clausuran el negocio -un bar &#8211; hospedaje ubicado en Ba\u00f1ado de Ovanta.<\/p>\n<p>\u00abCada vez que avanzamos un paso retrocedemos diez\u00bb, lament\u00f3 la letrada, y explic\u00f3: \u00abCuando ya estaba lista para ser elevada a juicio hemos recibido varias peticiones por parte del intendente que provocaron que se retrase la causa, a tal punto que estamos volviendo a ver el tema de la competencia\u00bb.<\/p>\n<p>\u00abEn este momento es encuentra en la C\u00e1mara de Apelaciones y estoy esperando que se fije una audacia para que se determine la competencia\u00bb, agreg\u00f3.<\/p>\n","protected":false},"excerpt":{"rendered":"<p>El actual intendente de Ba\u00f1ado de Ovanta, que aspira a un quinto mandato, Elpidio Guaraz, contin\u00faa dilatando su proceso penal<\/p>\n","protected":false},"author":2,"featured_media":8644,"comment_status":"closed","ping_status":"closed","sticky":false,"template":"","format":"standard","meta":{"footnotes":"","jetpack_publicize_message":"","jetpack_publicize_feature_enabled":true,"jetpack_social_post_already_shared":true,"jetpack_social_options":{"image_generator_settings":{"template":"highway","enabled":false},"version":2}},"categories":[12],"tags":[],"class_list":["post-8643","post","type-post","status-publish","format-standard","has-post-thumbnail","hentry","category-politica"],"jetpack_publicize_connections":[],"_links":{"self":[{"href":"https:\/\/diariorepublica.com.ar\/web\/index.php\/wp-json\/wp\/v2\/posts\/8643"}],"collection":[{"href":"https:\/\/diariorepublica.com.ar\/web\/index.php\/wp-json\/wp\/v2\/posts"}],"about":[{"href":"https:\/\/diariorepublica.com.ar\/web\/index.php\/wp-json\/wp\/v2\/types\/post"}],"author":[{"embeddable":true,"href":"https:\/\/diariorepublica.com.ar\/web\/index.php\/wp-json\/wp\/v2\/users\/2"}],"replies":[{"embeddable":true,"href":"https:\/\/diariorepublica.com.ar\/web\/index.php\/wp-json\/wp\/v2\/comments?post=8643"}],"version-history":[{"count":1,"href":"https:\/\/diariorepublica.com.ar\/web\/index.php\/wp-json\/wp\/v2\/posts\/8643\/revisions"}],"predecessor-version":[{"id":8645,"href":"https:\/\/diariorepublica.com.ar\/web\/index.php\/wp-json\/wp\/v2\/posts\/8643\/revisions\/8645"}],"wp:featuredmedia":[{"embeddable":true,"href":"https:\/\/diariorepublica.com.ar\/web\/index.php\/wp-json\/wp\/v2\/media\/8644"}],"wp:attachment":[{"href":"https:\/\/diariorepublica.com.ar\/web\/index.php\/wp-json\/wp\/v2\/media?parent=8643"}],"wp:term":[{"taxonomy":"category","embeddable":true,"href":"https:\/\/diariorepublica.com.ar\/web\/index.php\/wp-json\/wp\/v2\/categories?post=8643"},{"taxonomy":"post_tag","embeddable":true,"href":"https:\/\/diariorepublica.com.ar\/web\/index.php\/wp-json\/wp\/v2\/tags?post=8643"}],"curies":[{"name":"wp","href":"https:\/\/api.w.org\/{rel}","templated":true}]}}