{"id":8656,"date":"2023-10-18T06:33:00","date_gmt":"2023-10-18T09:33:00","guid":{"rendered":"https:\/\/diariorepublica.com.ar\/web\/?p=8656"},"modified":"2023-10-18T07:38:31","modified_gmt":"2023-10-18T10:38:31","slug":"quienes-son-los-funcionarios-que-acompanaron-a-martin-insaurralde-en-un-vuelo-privado-a-punta-cana","status":"publish","type":"post","link":"https:\/\/diariorepublica.com.ar\/web\/index.php\/nacionales\/2023\/10\/18\/quienes-son-los-funcionarios-que-acompanaron-a-martin-insaurralde-en-un-vuelo-privado-a-punta-cana\/","title":{"rendered":"Qui\u00e9nes son los funcionarios que acompa\u00f1aron a Mart\u00edn Insaurralde en un vuelo privado a Punta Cana"},"content":{"rendered":"<p class=\"article__dropline\">En el programa Somos Buenos, por TN, se conocieron nuevos datos sobre el esc\u00e1ndalo que se desat\u00f3 por el viaje del ex jefe de Gabinete de Axel Kicillof a Marbella<\/p>\n<p class=\"paragraph\"><b>Juan Pablo Peredo,\u00a0<\/b>miembro del Tribunal de Cuentas de la provincia de Buenos Aires;\u00a0<b>Juan Pablo de Jes\u00fas<\/b>, diputado provincial de la Legislatura bonaerense y vicejefe de Gabinete de\u00a0<b>Mart\u00edn Insaurralde<\/b><b>;\u00a0<\/b>la modelo\u00a0<b>Alexia Toumikian<\/b>, pareja de De Jes\u00fas, y\u00a0<b>Natalia Bertone<\/b>, acompa\u00f1aron a al ex jefe de Gabinete de Axel Kicillof y su exesposa J\u00e9sica Cirio en un viaje en vuelo privado de Aeroparque a Punta Cana, v\u00eda Asunci\u00f3n, que realizaron el 27 de diciembre.<\/p>\n<p class=\"paragraph\">As\u00ed lo revel\u00f3 este martes un informe del programa<i>\u00a0Somos Buenos<\/i>, por\u00a0<b>TN<\/b>.\u00a0<b>El vuelo cost\u00f3 US$87.000<\/b>\u00a0y\u00a0<b>lo pag\u00f3 una concesionaria de Lomas de Zamora<\/b>.<\/p>\n<p class=\"paragraph\">Adem\u00e1s de los nombres que se conocieron este martes por\u00a0<b>TN<\/b>,\u00a0<b>Andr\u00e9s Enrique Galera es el hombre que vincula a Jos\u00e9 L\u00f3pez con Insaurralde<\/b>. Acusado de ser el testaferro del exsecretario de Obras P\u00fablicas de la Naci\u00f3n (2003-2015) y condenado por enriquecimiento il\u00edcito en la reconocida causa de \u201clos bolsos\u201d, sus negocios llegan hasta Lomas de Zamora.<\/p>\n<p class=\"paragraph\">La Justicia determin\u00f3 que\u00a0<b>Galera es el due\u00f1o de la mansi\u00f3n de Tigre en la que vivi\u00f3 L\u00f3pez\u00a0<\/b>hasta que fue detenido en el a\u00f1o 2016 y tambi\u00e9n\u00a0<b>del departamento en un complejo premium de Puerto Madero, en el que vivieron Insaurralde y J\u00e9sica Cirio<\/b>, seg\u00fan revel\u00f3 un informe de inteligencia que fue entregado a la Unidad de Informaci\u00f3n Financiera (UIF).<\/p>\n<h6 class=\"font--primary\">C\u00f3mo avanza la investigaci\u00f3n judicial<\/h6>\n<p class=\"paragraph\">El\u00a0<b>fiscal\u00a0<\/b>federal de Lomas de Zamora,\u00a0<b>Sergio Mola, hab\u00eda pedido los detalles del viaje que hizo el exjefe de Gabinete bonaerense\u00a0<\/b>de Madrid a Marbella, en donde disfrut\u00f3 de unas lujosas vacaciones con la modelo Sofia Clerici, ambos ahora investigados por enriquecimiento il\u00edcito y lavado de dinero.<\/p>\n<p>Pero la bater\u00eda de medidas del fiscal no solo apuntaban a este \u00faltimo viaje, sino que tambi\u00e9n puso el\u00a0<b>foco en otros vuelos que integran la lista de sus m\u00e1s de 200 entradas y salidas del pa\u00eds desde 1999\u00a0<\/b>hasta esta parte. En particular, los investigadores se enfocaron en una serie de traslados en aviones privados a Uruguay y Paraguay, pa\u00eds desde donde Insaurralde habr\u00eda seguido ruta hacia Rep\u00fablica Dominicana, en un Gulfstream matr\u00edcula LV-KAX, de 14 plazas, una aeronave de gran porte y costosa.<\/p>\n<p>FUENTE:tn.com.ar<\/p>\n","protected":false},"excerpt":{"rendered":"<p>En el programa Somos Buenos, por TN, se conocieron nuevos datos sobre el esc\u00e1ndalo que se desat\u00f3 por el viaje<\/p>\n","protected":false},"author":1,"featured_media":8660,"comment_status":"closed","ping_status":"closed","sticky":false,"template":"","format":"standard","meta":{"footnotes":"","jetpack_publicize_message":"","jetpack_publicize_feature_enabled":true,"jetpack_social_post_already_shared":true,"jetpack_social_options":{"image_generator_settings":{"template":"highway","enabled":false},"version":2}},"categories":[4],"tags":[],"class_list":["post-8656","post","type-post","status-publish","format-standard","has-post-thumbnail","hentry","category-nacionales"],"jetpack_publicize_connections":[],"_links":{"self":[{"href":"https:\/\/diariorepublica.com.ar\/web\/index.php\/wp-json\/wp\/v2\/posts\/8656"}],"collection":[{"href":"https:\/\/diariorepublica.com.ar\/web\/index.php\/wp-json\/wp\/v2\/posts"}],"about":[{"href":"https:\/\/diariorepublica.com.ar\/web\/index.php\/wp-json\/wp\/v2\/types\/post"}],"author":[{"embeddable":true,"href":"https:\/\/diariorepublica.com.ar\/web\/index.php\/wp-json\/wp\/v2\/users\/1"}],"replies":[{"embeddable":true,"href":"https:\/\/diariorepublica.com.ar\/web\/index.php\/wp-json\/wp\/v2\/comments?post=8656"}],"version-history":[{"count":1,"href":"https:\/\/diariorepublica.com.ar\/web\/index.php\/wp-json\/wp\/v2\/posts\/8656\/revisions"}],"predecessor-version":[{"id":8661,"href":"https:\/\/diariorepublica.com.ar\/web\/index.php\/wp-json\/wp\/v2\/posts\/8656\/revisions\/8661"}],"wp:featuredmedia":[{"embeddable":true,"href":"https:\/\/diariorepublica.com.ar\/web\/index.php\/wp-json\/wp\/v2\/media\/8660"}],"wp:attachment":[{"href":"https:\/\/diariorepublica.com.ar\/web\/index.php\/wp-json\/wp\/v2\/media?parent=8656"}],"wp:term":[{"taxonomy":"category","embeddable":true,"href":"https:\/\/diariorepublica.com.ar\/web\/index.php\/wp-json\/wp\/v2\/categories?post=8656"},{"taxonomy":"post_tag","embeddable":true,"href":"https:\/\/diariorepublica.com.ar\/web\/index.php\/wp-json\/wp\/v2\/tags?post=8656"}],"curies":[{"name":"wp","href":"https:\/\/api.w.org\/{rel}","templated":true}]}}