{"id":8674,"date":"2023-10-18T00:06:00","date_gmt":"2023-10-18T03:06:00","guid":{"rendered":"https:\/\/diariorepublica.com.ar\/web\/?p=8674"},"modified":"2023-10-18T07:47:04","modified_gmt":"2023-10-18T10:47:04","slug":"colombia-empato-con-ecuador","status":"publish","type":"post","link":"https:\/\/diariorepublica.com.ar\/web\/index.php\/deportes\/2023\/10\/18\/colombia-empato-con-ecuador\/","title":{"rendered":"Colombia empat\u00f3 con Ecuador"},"content":{"rendered":"<article id=\"article-post\" class=\"first\">\n<div class=\"cuerpo\" data-twitter-link=\"https:\/\/twitter.com\/intent\/tweet?url=https:\/\/www.diariopopular.com.ar\/c748883&amp;via=poopulardiario&amp;related=Popular&amp;text=\">\n<p><strong>La Selecci\u00f3n de Ecuador empat\u00f3 0-0 con la Selecci\u00f3n de Colombia en el estadio Rodrigo Paz Delgado de Quito, en el marco de la cuarta fecha de las Eliminatorias Sudamericanas rumbo al Mundial de Estados Unidos, M\u00e9xico y Canad\u00e1 2026.<\/strong><\/p>\n<\/div>\n<\/article>\n<article id=\"article-post\">\n<div class=\"cuerpo\" data-twitter-link=\"https:\/\/twitter.com\/intent\/tweet?url=https:\/\/www.diariopopular.com.ar\/c748883&amp;via=poopulardiario&amp;related=Popular&amp;text=\">\n<p>El partido, disputado entre dos equipos ambiciosos y que tienen recursos para dar un buen espect\u00e1culo -lo dieron- tuvo tres protagonistas: el arquero de Ecuador, el travesa\u00f1o del arco colombiano, y\u00a0<strong>Facundo Tello<\/strong>,\u00a0<strong>el \u00e1rbitro argentino del encuentro que, junto a su terna, resolvi\u00f3 correctamente las tres pol\u00e9micas de la noche.<\/strong><\/p>\n<div id=\"embed96_wrap\" class=\"embed_cont type_freetext\" contenteditable=\"false\">\n<div id=\"embed96_content\" class=\"embed_content\">\n<div id=\"embed96_embed\">\n<div class=\"video_container\"><iframe loading=\"lazy\" class=\"video_iframe\" src=\"https:\/\/www.youtube.com\/embed\/hjwlSYGJTfU\" width=\"100%\" height=\"360\" frameborder=\"0\" scrolling=\"no\" data-gtm-yt-inspected-11=\"true\" data-mce-fragment=\"1\"><\/iframe><\/div>\n<\/div>\n<\/div>\n<div id=\"embed96_epigrafe\" class=\"embed_epigrafe\"><\/div>\n<div id=\"embed96_copyright\" class=\"embed_copyright\"><\/div>\n<\/div>\n<p>Mois\u00e9s Caicedo y Kevin Rodr\u00edguez estrellaron remates contra el poste transversal y no pudieron abrir el marcador para el Tri, mientras que Wellington Ram\u00edrez le ataj\u00f3 sendos disparos a Jhon Arias y James Rodr\u00edguez, y un penal a Luis D\u00edaz en el segundo tiempo.<\/p>\n<p>Sobre el final del primer tiempo, James meti\u00f3 un centro filtrado para Luis D\u00edaz, quien le gan\u00f3 la espalda a los centrales y defini\u00f3 cruzado, pero el l\u00ednea marc\u00f3 posici\u00f3n adelantada del extremo del Liverpool y el VAR ratific\u00f3 la decisi\u00f3n. Y en el complemento, Carlos Cuesta captur\u00f3 un rebote y convirti\u00f3, pero tras revisarla en el VAR, Tello cobr\u00f3 offside de Rafael Santos Borr\u00e9, por interferencia al arquero.<\/p>\n<p>El punto es m\u00e1s positivo para la Colombia del argentino\u00a0<strong>N\u00e9stor Lorenzo<\/strong>, que suma 6 puntos y est\u00e1 quinto en las\u00a0<strong>Eliminatorias<\/strong>\u00a0<strong>Sudamericanas<\/strong>. Ecuador, dirigido por el espa\u00f1ol F\u00e9lix S\u00e1nchez Bas, est\u00e1 sexto con 6 unidades y por ahora tambi\u00e9n se mete en el pr\u00f3ximo Mundial.<\/p>\n<p>Vale destacar que al Tri le restaron tres puntos por la mala inclusi\u00f3n de Byron Castillo en las \u00faltimas Eliminatorias, fallo que fue apelado por la selecci\u00f3n ecuatoriana.<\/p>\n<p>En la pr\u00f3xima doble fecha, que se jugar\u00e1 en noviembre, Ecuador visitar\u00e1 a la sorprendente Venezuela y recibir\u00e1 a Chile, mientras que Colombia ser\u00e1 local de Brasil y visitante de Paraguay.<\/p>\n<\/div>\n<\/article>\n","protected":false},"excerpt":{"rendered":"<p>La Selecci\u00f3n de Ecuador empat\u00f3 0-0 con la Selecci\u00f3n de Colombia en el estadio Rodrigo Paz Delgado de Quito, en<\/p>\n","protected":false},"author":1,"featured_media":8675,"comment_status":"closed","ping_status":"closed","sticky":false,"template":"","format":"standard","meta":{"footnotes":"","jetpack_publicize_message":"","jetpack_publicize_feature_enabled":true,"jetpack_social_post_already_shared":true,"jetpack_social_options":{"image_generator_settings":{"template":"highway","enabled":false},"version":2}},"categories":[9],"tags":[],"class_list":["post-8674","post","type-post","status-publish","format-standard","has-post-thumbnail","hentry","category-deportes"],"jetpack_publicize_connections":[],"_links":{"self":[{"href":"https:\/\/diariorepublica.com.ar\/web\/index.php\/wp-json\/wp\/v2\/posts\/8674"}],"collection":[{"href":"https:\/\/diariorepublica.com.ar\/web\/index.php\/wp-json\/wp\/v2\/posts"}],"about":[{"href":"https:\/\/diariorepublica.com.ar\/web\/index.php\/wp-json\/wp\/v2\/types\/post"}],"author":[{"embeddable":true,"href":"https:\/\/diariorepublica.com.ar\/web\/index.php\/wp-json\/wp\/v2\/users\/1"}],"replies":[{"embeddable":true,"href":"https:\/\/diariorepublica.com.ar\/web\/index.php\/wp-json\/wp\/v2\/comments?post=8674"}],"version-history":[{"count":1,"href":"https:\/\/diariorepublica.com.ar\/web\/index.php\/wp-json\/wp\/v2\/posts\/8674\/revisions"}],"predecessor-version":[{"id":8676,"href":"https:\/\/diariorepublica.com.ar\/web\/index.php\/wp-json\/wp\/v2\/posts\/8674\/revisions\/8676"}],"wp:featuredmedia":[{"embeddable":true,"href":"https:\/\/diariorepublica.com.ar\/web\/index.php\/wp-json\/wp\/v2\/media\/8675"}],"wp:attachment":[{"href":"https:\/\/diariorepublica.com.ar\/web\/index.php\/wp-json\/wp\/v2\/media?parent=8674"}],"wp:term":[{"taxonomy":"category","embeddable":true,"href":"https:\/\/diariorepublica.com.ar\/web\/index.php\/wp-json\/wp\/v2\/categories?post=8674"},{"taxonomy":"post_tag","embeddable":true,"href":"https:\/\/diariorepublica.com.ar\/web\/index.php\/wp-json\/wp\/v2\/tags?post=8674"}],"curies":[{"name":"wp","href":"https:\/\/api.w.org\/{rel}","templated":true}]}}