{"id":8685,"date":"2023-10-18T00:52:00","date_gmt":"2023-10-18T03:52:00","guid":{"rendered":"https:\/\/diariorepublica.com.ar\/web\/?p=8685"},"modified":"2023-10-18T07:54:33","modified_gmt":"2023-10-18T10:54:33","slug":"neymar-se-retiro-llorando-por-una-lesion-en-la-rodilla","status":"publish","type":"post","link":"https:\/\/diariorepublica.com.ar\/web\/index.php\/deportes\/2023\/10\/18\/neymar-se-retiro-llorando-por-una-lesion-en-la-rodilla\/","title":{"rendered":"Neymar se retir\u00f3 llorando por una lesi\u00f3n en la rodilla\u00a0"},"content":{"rendered":"<p>El futbolista de la selecci\u00f3n de Brasil\u00a0Neymar\u00a0se lesion\u00f3 en el partido\u00a0ante Uruguay\u00a0y sali\u00f3 llorando de la cancha en el primer tiempo del duelo correspondiente a la cuarta fecha de las Eliminatorias Sudamericanas rumbo al Mundial 2026.<\/p>\n<p>La salida del delantero gener\u00f3 preocupaci\u00f3n en Brasil. Si bien a\u00fan no hay un diagn\u00f3stico de la lesi\u00f3n, el jugador del Al Hilal\u00a0<strong>se tom\u00f3 la rodilla izquierda<\/strong>\u00a0y dio muestras de mucho dolor, por lo que podr\u00eda tratarse de una ausencia importante por varios meses.<\/p>\n<p>Neymar\u00a0<strong>disput\u00f3 la pelota contra el futbolista de River Nicol\u00e1s de La Cruz\u00a0<\/strong>en la mitad de cancha, perdi\u00f3 la estabilidad y pis\u00f3 mal. De ese modo, qued\u00f3 tirado en el c\u00e9sped y se tom\u00f3 la rodilla izquierda.<\/p>\n<p>Su lugar lo ocup\u00f3 Richarlison. En caso de confirmarse una lesi\u00f3n grave,\u00a0<strong>Neymar podr\u00eda perderse el cl\u00e1sico ante Argentina<\/strong>\u00a0el pr\u00f3ximo 21 de noviembre, en el Estadio Maracan\u00e1.<\/p>\n<p>Neymar <strong>se retir\u00f3 llorando\u00a0<\/strong>del campo de juego del estadio Centenario en camilla y sin poder pisar con firmeza. Es m\u00e1s, el mediocampista ofensivo debi\u00f3 ser ayudado por colaboradores del staff t\u00e9cnico del \u2018Scracht\u2019 para dirigirse directamente a vestuarios.<\/p>\n<p><img decoding=\"async\" src=\"https:\/\/www.canal26.com\/media\/image\/2023\/10\/18\/567724.jpg\" alt=\"Neymar, Brasil. Foto: EFE\" \/><span class=\"figcaption epigraph_text\">Neymar, Brasil. Foto: EFE<\/span><\/p>\n<p>A pesar de las\u00a0<strong>frecuentes lesiones\u00a0<\/strong>en los \u00faltimos a\u00f1os, si se confirma la severidad de la dolencia, se tratar\u00eda de la primera molestia en rodilla del jugador que salt\u00f3 a la fama en el Santos.<\/p>\n<p>A principios de a\u00f1o,<strong>\u00a0el n\u00famero 10 fue operado<\/strong>\u00a0para reconstruir los ligamentos de su tobillo derecho, lo que origin\u00f3 una inactividad de seis meses. El futbolista tambi\u00e9n fue sometido a dos intervenciones quir\u00fargicas, debido a fracturas en el quinto metatarsiano de su pie<\/p>\n","protected":false},"excerpt":{"rendered":"<p>El futbolista de la selecci\u00f3n de Brasil\u00a0Neymar\u00a0se lesion\u00f3 en el partido\u00a0ante Uruguay\u00a0y sali\u00f3 llorando de la cancha en el primer<\/p>\n","protected":false},"author":1,"featured_media":8689,"comment_status":"closed","ping_status":"closed","sticky":false,"template":"","format":"standard","meta":{"footnotes":"","jetpack_publicize_message":"","jetpack_publicize_feature_enabled":true,"jetpack_social_post_already_shared":true,"jetpack_social_options":{"image_generator_settings":{"template":"highway","enabled":false},"version":2}},"categories":[9],"tags":[],"class_list":["post-8685","post","type-post","status-publish","format-standard","has-post-thumbnail","hentry","category-deportes"],"jetpack_publicize_connections":[],"_links":{"self":[{"href":"https:\/\/diariorepublica.com.ar\/web\/index.php\/wp-json\/wp\/v2\/posts\/8685"}],"collection":[{"href":"https:\/\/diariorepublica.com.ar\/web\/index.php\/wp-json\/wp\/v2\/posts"}],"about":[{"href":"https:\/\/diariorepublica.com.ar\/web\/index.php\/wp-json\/wp\/v2\/types\/post"}],"author":[{"embeddable":true,"href":"https:\/\/diariorepublica.com.ar\/web\/index.php\/wp-json\/wp\/v2\/users\/1"}],"replies":[{"embeddable":true,"href":"https:\/\/diariorepublica.com.ar\/web\/index.php\/wp-json\/wp\/v2\/comments?post=8685"}],"version-history":[{"count":1,"href":"https:\/\/diariorepublica.com.ar\/web\/index.php\/wp-json\/wp\/v2\/posts\/8685\/revisions"}],"predecessor-version":[{"id":8690,"href":"https:\/\/diariorepublica.com.ar\/web\/index.php\/wp-json\/wp\/v2\/posts\/8685\/revisions\/8690"}],"wp:featuredmedia":[{"embeddable":true,"href":"https:\/\/diariorepublica.com.ar\/web\/index.php\/wp-json\/wp\/v2\/media\/8689"}],"wp:attachment":[{"href":"https:\/\/diariorepublica.com.ar\/web\/index.php\/wp-json\/wp\/v2\/media?parent=8685"}],"wp:term":[{"taxonomy":"category","embeddable":true,"href":"https:\/\/diariorepublica.com.ar\/web\/index.php\/wp-json\/wp\/v2\/categories?post=8685"},{"taxonomy":"post_tag","embeddable":true,"href":"https:\/\/diariorepublica.com.ar\/web\/index.php\/wp-json\/wp\/v2\/tags?post=8685"}],"curies":[{"name":"wp","href":"https:\/\/api.w.org\/{rel}","templated":true}]}}