{"id":8688,"date":"2023-10-18T08:09:51","date_gmt":"2023-10-18T11:09:51","guid":{"rendered":"https:\/\/diariorepublica.com.ar\/web\/?p=8688"},"modified":"2023-10-18T08:09:53","modified_gmt":"2023-10-18T11:09:53","slug":"peronistas-festejaron-su-dia-e-insistieron-en-votar-la-lista-completa","status":"publish","type":"post","link":"https:\/\/diariorepublica.com.ar\/web\/index.php\/politica\/2023\/10\/18\/peronistas-festejaron-su-dia-e-insistieron-en-votar-la-lista-completa\/","title":{"rendered":"Peronistas festejaron su d\u00eda e insistieron en votar la lista completa"},"content":{"rendered":"<p>En el marco de los festejos del D\u00eda de la Lealtad Peronista, dirigentes solicitaron a sus votantes que elijan la lista completa, desde los concejales hasta Sergio Massa. La celebraci\u00f3n se dio en la sede del Partido Justicialista provincial, en donde se llev\u00f3 a cabo un cine-debate.<\/p>\n<p>El gobernador Ra\u00fal Jalil, manifest\u00f3: \u201cCreo que Sergio es una gran oportunidad para todos los norte\u00f1os y los catamarque\u00f1os. Sabemos los problemas que hay en el mundo, pero a pesar de todo, en Catamarca tenemos el 100% de ocupaci\u00f3n hotelera, se sigue haciendo obra p\u00fablica, vivienda. Hay que seguir trabajando\u201d.<\/p>\n<p>Adem\u00e1s, pidi\u00f3 por el voto justicialista y dijo que hay que redoblar los esfuerzos. \u201cHay que seguir adelante y hay que trabajar como si hubi\u00e9semos perdido la elecci\u00f3n. El domingo hay que ir a buscar a los peronistas, a los radicales y a los independientes para asegurar nuestra elecci\u00f3n, para que Catamarca est\u00e9 mucho mejor\u201d.<\/p>\n<p>En la misma sinton\u00eda, la senadora Luc\u00eda Corpacci tambi\u00e9n reiter\u00f3 la importancia de que voten la lista completa y se refiri\u00f3 al d\u00eda en cuesti\u00f3n: \u201cHoy conmemoramos el compromiso que tenemos con nuestro partido, pero sobre todo con nuestra gente. Hay que seguir trabajando por m\u00e1s derechos y defender los que ya adquirimos. Por una sociedad m\u00e1s igualitaria y m\u00e1s justa\u201d<\/p>\n","protected":false},"excerpt":{"rendered":"<p>En el marco de los festejos del D\u00eda de la Lealtad Peronista, dirigentes solicitaron a sus votantes que elijan la<\/p>\n","protected":false},"author":2,"featured_media":8694,"comment_status":"closed","ping_status":"closed","sticky":false,"template":"","format":"standard","meta":{"footnotes":"","jetpack_publicize_message":"","jetpack_publicize_feature_enabled":true,"jetpack_social_post_already_shared":true,"jetpack_social_options":{"image_generator_settings":{"template":"highway","enabled":false},"version":2}},"categories":[12],"tags":[],"class_list":["post-8688","post","type-post","status-publish","format-standard","has-post-thumbnail","hentry","category-politica"],"jetpack_publicize_connections":[],"_links":{"self":[{"href":"https:\/\/diariorepublica.com.ar\/web\/index.php\/wp-json\/wp\/v2\/posts\/8688"}],"collection":[{"href":"https:\/\/diariorepublica.com.ar\/web\/index.php\/wp-json\/wp\/v2\/posts"}],"about":[{"href":"https:\/\/diariorepublica.com.ar\/web\/index.php\/wp-json\/wp\/v2\/types\/post"}],"author":[{"embeddable":true,"href":"https:\/\/diariorepublica.com.ar\/web\/index.php\/wp-json\/wp\/v2\/users\/2"}],"replies":[{"embeddable":true,"href":"https:\/\/diariorepublica.com.ar\/web\/index.php\/wp-json\/wp\/v2\/comments?post=8688"}],"version-history":[{"count":1,"href":"https:\/\/diariorepublica.com.ar\/web\/index.php\/wp-json\/wp\/v2\/posts\/8688\/revisions"}],"predecessor-version":[{"id":8695,"href":"https:\/\/diariorepublica.com.ar\/web\/index.php\/wp-json\/wp\/v2\/posts\/8688\/revisions\/8695"}],"wp:featuredmedia":[{"embeddable":true,"href":"https:\/\/diariorepublica.com.ar\/web\/index.php\/wp-json\/wp\/v2\/media\/8694"}],"wp:attachment":[{"href":"https:\/\/diariorepublica.com.ar\/web\/index.php\/wp-json\/wp\/v2\/media?parent=8688"}],"wp:term":[{"taxonomy":"category","embeddable":true,"href":"https:\/\/diariorepublica.com.ar\/web\/index.php\/wp-json\/wp\/v2\/categories?post=8688"},{"taxonomy":"post_tag","embeddable":true,"href":"https:\/\/diariorepublica.com.ar\/web\/index.php\/wp-json\/wp\/v2\/tags?post=8688"}],"curies":[{"name":"wp","href":"https:\/\/api.w.org\/{rel}","templated":true}]}}