{"id":8701,"date":"2023-10-19T08:17:24","date_gmt":"2023-10-19T11:17:24","guid":{"rendered":"https:\/\/diariorepublica.com.ar\/web\/?p=8701"},"modified":"2023-10-19T08:17:26","modified_gmt":"2023-10-19T11:17:26","slug":"elecciones-2023-para-jalil-ningun-candidato-gana-en-primera-vuelta","status":"publish","type":"post","link":"https:\/\/diariorepublica.com.ar\/web\/index.php\/politica\/2023\/10\/19\/elecciones-2023-para-jalil-ningun-candidato-gana-en-primera-vuelta\/","title":{"rendered":"Elecciones 2023: Para Jalil ningun candidato gana en primera vuelta"},"content":{"rendered":"<p>El mandatario provincial advirti\u00f3 que ning\u00fan candidato gana en primera vuelta, por lo que los argentinos deber\u00e1n recurrir nuevamente a las urnas en noviembre<\/p>\n<p>El mandatario apunt\u00f3, adem\u00e1s, que espera no se repita el corte de boleta que se reflej\u00f3 en las PASO, donde en la categor\u00eda presidente-vice de Uni\u00f3n por la Patria tuvo alrededor de 15 puntos por debajo que la de gobernador y vice. \u201cNo hay que subestimar a nadie, se observ\u00f3 el corte de boleta\u201d, mencion\u00f3 y sigui\u00f3 su idea al expresar: \u201cTengo mucha confianza que va a crecer el voto de Sergio Massa y que vamos a andar muy bien\u201d<\/p>\n<p>Puntualmente, sobre su visi\u00f3n de los resultados electorales del domingo 22 de octubre, no avizor\u00f3 que alguno de los cinco candidatos presidenciales gane en primera vuelta. Trajo como ejemplo que los comicios que se realizaron en otros lugares de Latinoam\u00e9rica recientemente, como en el caso de Ecuador donde se fue necesaria una segunda vuelta electoral. El mandatario apunt\u00f3 que \u201ces muy dif\u00edcil\u201d que se d\u00e9 el panorama que plantea la Constituci\u00f3n Nacional, ya sea que un candidato gane con el 45% de los votos o con el 40%, superando por 10%\u00a0 al segundo. No obstante subray\u00f3 que \u201cel domingo Sergio Massa ser\u00e1 el m\u00e1s votado en las urnas\u201d.<\/p>\n","protected":false},"excerpt":{"rendered":"<p>El mandatario provincial advirti\u00f3 que ning\u00fan candidato gana en primera vuelta, por lo que los argentinos deber\u00e1n recurrir nuevamente a<\/p>\n","protected":false},"author":2,"featured_media":8702,"comment_status":"closed","ping_status":"closed","sticky":false,"template":"","format":"standard","meta":{"footnotes":"","jetpack_publicize_message":"","jetpack_publicize_feature_enabled":true,"jetpack_social_post_already_shared":true,"jetpack_social_options":{"image_generator_settings":{"template":"highway","enabled":false},"version":2}},"categories":[12],"tags":[],"class_list":["post-8701","post","type-post","status-publish","format-standard","has-post-thumbnail","hentry","category-politica"],"jetpack_publicize_connections":[],"_links":{"self":[{"href":"https:\/\/diariorepublica.com.ar\/web\/index.php\/wp-json\/wp\/v2\/posts\/8701"}],"collection":[{"href":"https:\/\/diariorepublica.com.ar\/web\/index.php\/wp-json\/wp\/v2\/posts"}],"about":[{"href":"https:\/\/diariorepublica.com.ar\/web\/index.php\/wp-json\/wp\/v2\/types\/post"}],"author":[{"embeddable":true,"href":"https:\/\/diariorepublica.com.ar\/web\/index.php\/wp-json\/wp\/v2\/users\/2"}],"replies":[{"embeddable":true,"href":"https:\/\/diariorepublica.com.ar\/web\/index.php\/wp-json\/wp\/v2\/comments?post=8701"}],"version-history":[{"count":1,"href":"https:\/\/diariorepublica.com.ar\/web\/index.php\/wp-json\/wp\/v2\/posts\/8701\/revisions"}],"predecessor-version":[{"id":8703,"href":"https:\/\/diariorepublica.com.ar\/web\/index.php\/wp-json\/wp\/v2\/posts\/8701\/revisions\/8703"}],"wp:featuredmedia":[{"embeddable":true,"href":"https:\/\/diariorepublica.com.ar\/web\/index.php\/wp-json\/wp\/v2\/media\/8702"}],"wp:attachment":[{"href":"https:\/\/diariorepublica.com.ar\/web\/index.php\/wp-json\/wp\/v2\/media?parent=8701"}],"wp:term":[{"taxonomy":"category","embeddable":true,"href":"https:\/\/diariorepublica.com.ar\/web\/index.php\/wp-json\/wp\/v2\/categories?post=8701"},{"taxonomy":"post_tag","embeddable":true,"href":"https:\/\/diariorepublica.com.ar\/web\/index.php\/wp-json\/wp\/v2\/tags?post=8701"}],"curies":[{"name":"wp","href":"https:\/\/api.w.org\/{rel}","templated":true}]}}