{"id":8710,"date":"2023-10-19T08:43:05","date_gmt":"2023-10-19T11:43:05","guid":{"rendered":"https:\/\/diariorepublica.com.ar\/web\/?p=8710"},"modified":"2023-10-19T08:43:06","modified_gmt":"2023-10-19T11:43:06","slug":"la-bancaria-realizara-un-paro-por-24-horas-el-viernes","status":"publish","type":"post","link":"https:\/\/diariorepublica.com.ar\/web\/index.php\/sociedad\/2023\/10\/19\/la-bancaria-realizara-un-paro-por-24-horas-el-viernes\/","title":{"rendered":"La Bancaria realizar\u00e1 un paro por 24 horas el viernes"},"content":{"rendered":"<p>La situaci\u00f3n dada en tres entidades bancar\u00eda de nuestro pa\u00eds llev\u00f3 a que desde la Asociaci\u00f3n Bancar\u00eda se anunciara una medida de fuerza para ma\u00f1ana y por el plazo de 24 horas.<\/p>\n<p>De acuerdo a lo dado a conocer, la Asociaci\u00f3n Bancaria decidi\u00f3 ir al paro 24 horas en todos los turnos en los bancos Santander, Galicia y Supervielle.<\/p>\n<p>Seg\u00fan el sindicato, la medida de fuerza se motiva \u201cen el cierre de sucursales que est\u00e1n llevando adelante los bancos mencionados, la falta y disminuci\u00f3n permanente de la dotaci\u00f3n de personal, el incumplimiento del Convenio Colectivo de Trabajo Nro. 18\/75, la pr\u00e1ctica desleal en el medio de la negociaci\u00f3n paritaria y tercerizaciones\u201d.<\/p>\n<p>Por otro lado, desde la entidad dijeron que efectuaron la \u201ccorrespondiente denuncia\u201d ante el Ministerio de Trabajo por los motivos expuestos.<\/p>\n","protected":false},"excerpt":{"rendered":"<p>La situaci\u00f3n dada en tres entidades bancar\u00eda de nuestro pa\u00eds llev\u00f3 a que desde la Asociaci\u00f3n Bancar\u00eda se anunciara una<\/p>\n","protected":false},"author":2,"featured_media":8711,"comment_status":"closed","ping_status":"closed","sticky":false,"template":"","format":"standard","meta":{"footnotes":"","jetpack_publicize_message":"","jetpack_publicize_feature_enabled":true,"jetpack_social_post_already_shared":true,"jetpack_social_options":{"image_generator_settings":{"template":"highway","enabled":false},"version":2}},"categories":[3],"tags":[],"class_list":["post-8710","post","type-post","status-publish","format-standard","has-post-thumbnail","hentry","category-sociedad"],"jetpack_publicize_connections":[],"_links":{"self":[{"href":"https:\/\/diariorepublica.com.ar\/web\/index.php\/wp-json\/wp\/v2\/posts\/8710"}],"collection":[{"href":"https:\/\/diariorepublica.com.ar\/web\/index.php\/wp-json\/wp\/v2\/posts"}],"about":[{"href":"https:\/\/diariorepublica.com.ar\/web\/index.php\/wp-json\/wp\/v2\/types\/post"}],"author":[{"embeddable":true,"href":"https:\/\/diariorepublica.com.ar\/web\/index.php\/wp-json\/wp\/v2\/users\/2"}],"replies":[{"embeddable":true,"href":"https:\/\/diariorepublica.com.ar\/web\/index.php\/wp-json\/wp\/v2\/comments?post=8710"}],"version-history":[{"count":1,"href":"https:\/\/diariorepublica.com.ar\/web\/index.php\/wp-json\/wp\/v2\/posts\/8710\/revisions"}],"predecessor-version":[{"id":8712,"href":"https:\/\/diariorepublica.com.ar\/web\/index.php\/wp-json\/wp\/v2\/posts\/8710\/revisions\/8712"}],"wp:featuredmedia":[{"embeddable":true,"href":"https:\/\/diariorepublica.com.ar\/web\/index.php\/wp-json\/wp\/v2\/media\/8711"}],"wp:attachment":[{"href":"https:\/\/diariorepublica.com.ar\/web\/index.php\/wp-json\/wp\/v2\/media?parent=8710"}],"wp:term":[{"taxonomy":"category","embeddable":true,"href":"https:\/\/diariorepublica.com.ar\/web\/index.php\/wp-json\/wp\/v2\/categories?post=8710"},{"taxonomy":"post_tag","embeddable":true,"href":"https:\/\/diariorepublica.com.ar\/web\/index.php\/wp-json\/wp\/v2\/tags?post=8710"}],"curies":[{"name":"wp","href":"https:\/\/api.w.org\/{rel}","templated":true}]}}