{"id":8713,"date":"2023-10-19T08:56:58","date_gmt":"2023-10-19T11:56:58","guid":{"rendered":"https:\/\/diariorepublica.com.ar\/web\/?p=8713"},"modified":"2023-10-19T08:57:00","modified_gmt":"2023-10-19T11:57:00","slug":"la-escuelas-sedes-de-las-elecciones-no-tendran-clases-el-lunes-durante-la-manana","status":"publish","type":"post","link":"https:\/\/diariorepublica.com.ar\/web\/index.php\/sociedad\/2023\/10\/19\/la-escuelas-sedes-de-las-elecciones-no-tendran-clases-el-lunes-durante-la-manana\/","title":{"rendered":"La escuelas sedes de las elecciones no tendr\u00e1n clases el lunes durante la ma\u00f1ana"},"content":{"rendered":"<p>El Ministerio de Educaci\u00f3n y la Secretar\u00eda de Gesti\u00f3n Educativa comunican que el d\u00eda lunes 23 de octubre se suspender\u00e1n las actividades escolares durante el turno ma\u00f1ana, en las instituciones educativas sedes de las elecciones generales a celebrarse el pr\u00f3ximo domingo 22 del corriente, a fin de llevar a cabo las tareas de limpieza y desinfecci\u00f3n correspondientes en dichos establecimientos escolares.<\/p>\n<p>En tanto que en el turno tarde, se desarrollar\u00e1n las actividades \u00e1ulicas y las clases contraturno (educaci\u00f3n f\u00edsica, talleres, etc.) con total normalidad.<\/p>\n","protected":false},"excerpt":{"rendered":"<p>El Ministerio de Educaci\u00f3n y la Secretar\u00eda de Gesti\u00f3n Educativa comunican que el d\u00eda lunes 23 de octubre se suspender\u00e1n<\/p>\n","protected":false},"author":2,"featured_media":8714,"comment_status":"closed","ping_status":"closed","sticky":false,"template":"","format":"standard","meta":{"footnotes":"","jetpack_publicize_message":"","jetpack_publicize_feature_enabled":true,"jetpack_social_post_already_shared":true,"jetpack_social_options":{"image_generator_settings":{"template":"highway","enabled":false},"version":2}},"categories":[3],"tags":[],"class_list":["post-8713","post","type-post","status-publish","format-standard","has-post-thumbnail","hentry","category-sociedad"],"jetpack_publicize_connections":[],"_links":{"self":[{"href":"https:\/\/diariorepublica.com.ar\/web\/index.php\/wp-json\/wp\/v2\/posts\/8713"}],"collection":[{"href":"https:\/\/diariorepublica.com.ar\/web\/index.php\/wp-json\/wp\/v2\/posts"}],"about":[{"href":"https:\/\/diariorepublica.com.ar\/web\/index.php\/wp-json\/wp\/v2\/types\/post"}],"author":[{"embeddable":true,"href":"https:\/\/diariorepublica.com.ar\/web\/index.php\/wp-json\/wp\/v2\/users\/2"}],"replies":[{"embeddable":true,"href":"https:\/\/diariorepublica.com.ar\/web\/index.php\/wp-json\/wp\/v2\/comments?post=8713"}],"version-history":[{"count":1,"href":"https:\/\/diariorepublica.com.ar\/web\/index.php\/wp-json\/wp\/v2\/posts\/8713\/revisions"}],"predecessor-version":[{"id":8715,"href":"https:\/\/diariorepublica.com.ar\/web\/index.php\/wp-json\/wp\/v2\/posts\/8713\/revisions\/8715"}],"wp:featuredmedia":[{"embeddable":true,"href":"https:\/\/diariorepublica.com.ar\/web\/index.php\/wp-json\/wp\/v2\/media\/8714"}],"wp:attachment":[{"href":"https:\/\/diariorepublica.com.ar\/web\/index.php\/wp-json\/wp\/v2\/media?parent=8713"}],"wp:term":[{"taxonomy":"category","embeddable":true,"href":"https:\/\/diariorepublica.com.ar\/web\/index.php\/wp-json\/wp\/v2\/categories?post=8713"},{"taxonomy":"post_tag","embeddable":true,"href":"https:\/\/diariorepublica.com.ar\/web\/index.php\/wp-json\/wp\/v2\/tags?post=8713"}],"curies":[{"name":"wp","href":"https:\/\/api.w.org\/{rel}","templated":true}]}}