{"id":8721,"date":"2023-10-19T18:03:21","date_gmt":"2023-10-19T21:03:21","guid":{"rendered":"https:\/\/diariorepublica.com.ar\/web\/?p=8721"},"modified":"2023-10-19T18:03:22","modified_gmt":"2023-10-19T21:03:22","slug":"los-precios-mayoristas-aumentaron-92-en-septiembre","status":"publish","type":"post","link":"https:\/\/diariorepublica.com.ar\/web\/index.php\/economia\/2023\/10\/19\/los-precios-mayoristas-aumentaron-92-en-septiembre\/","title":{"rendered":"Los precios mayoristas aumentaron 9,2% en septiembre"},"content":{"rendered":"<article id=\"article-post\" class=\"first\">\n<div class=\"cuerpo\" data-twitter-link=\"https:\/\/twitter.com\/intent\/tweet?url=https:\/\/www.diariopopular.com.ar\/c749272&amp;via=poopulardiario&amp;related=Popular&amp;text=\">\n<p>El \u00edndice de\u00a0<strong>precios mayoristas\u00a0<\/strong>registr\u00f3 en septiembre un incremento de\u00a0<strong>9,2%\u00a0<\/strong>respecto de agosto, mientras que el\u00a0<strong>costo de la construcci\u00f3n<\/strong>\u00a0avanz\u00f3\u00a0<strong>11,1% e<\/strong>n el mismo per\u00edodo, mientras que ese mes la\u00a0<strong>inflaci\u00f3n\u00a0<\/strong>fue del 12,7%, seg\u00fan inform\u00f3 este jueves el\u00a0<strong>Instituto Nacional de Estad\u00edstica y Censos (Indec).<\/strong><\/p>\n<\/div>\n<\/article>\n<article id=\"article-post\">\n<div class=\"cuerpo\" data-twitter-link=\"https:\/\/twitter.com\/intent\/tweet?url=https:\/\/www.diariopopular.com.ar\/c749272&amp;via=poopulardiario&amp;related=Popular&amp;text=\">\n<p>Con estos incrementos, en los primeros nueve meses del a\u00f1o, los precios mayoristas avanzaron 104,5% y el costo de la construcci\u00f3n, 104,9%.<\/p>\n<h6>Los precios mayoristas<\/h6>\n<p>El nivel general del \u00cdndice de precios internos al por mayor (IPIM) registr\u00f3 un aumento de 9,2% en septiembre de 2023 respecto del mes anterior. Esta variaci\u00f3n es consecuencia de la suba de 9,6% en los \u201cProductos nacionales\u201d y de 5,3% en los \u201cProductos importados\u201d.<\/p>\n<p>Por otra parte, el nivel general del \u00cdndice de precios internos b\u00e1sicos al por mayor (IPIB) mostr\u00f3 un ascenso de 9,9% en el mismo per\u00edodo. En este caso, la variaci\u00f3n se explica por la suba de 10,4% en los \u201cProductos nacionales\u201d y de 5,3% en los \u201cProductos importados\u201d.<\/p>\n<div id=\"673787-Libre-2076453155_wrap\" class=\"embed_cont type_imagen\" contenteditable=\"false\">\n<div id=\"673787-Libre-2076453155_content\" class=\"embed_content\"><img decoding=\"async\" id=\"673787-Libre-2076453155_embed\" title=\"Indec: precios mayoristas. \" src=\"https:\/\/media.diariopopular.com.ar\/p\/82a8c4e9d953ff9e6d47f4a2d3014fa0\/adjuntos\/143\/imagenes\/008\/116\/0008116603\/1140x0\/smart\/imagepng.png\" alt=\"Indec: precios mayoristas. \" width=\"1140\" height=\"\" longdesc=\"https:\/\/media.diariopopular.com.ar\/p\/82a8c4e9d953ff9e6d47f4a2d3014fa0\/adjuntos\/143\/imagenes\/008\/116\/0008116603\/1140x0\/smart\/imagepng.png\" \/><\/div>\n<div id=\"673787-Libre-2076453155_epigrafe\" class=\"embed_epigrafe\">\n<p>Indec: precios mayoristas.<\/p>\n<\/div>\n<div id=\"673787-Libre-2076453155_copyright\" class=\"embed_copyright\"><\/div>\n<\/div>\n<p>Asimismo, el nivel general del \u00cdndice de precios b\u00e1sicos del productor (IPP) registr\u00f3 un incremento de 10,7% en el mismo per\u00edodo, como consecuencia de la suba de 12,1% en los \u201cProductos primarios\u201d y de 10,2% en los \u201cProductos manufacturados y energ\u00eda el\u00e9ctrica\u201d<\/p>\n<p>El \u00cdndice de precios internos al por mayor (IPIM) tiene por objeto medir la evoluci\u00f3n promedio de los precios de los productos de origen nacional e importado ofrecidos en el mercado interno. Se incluyen el impuesto al valor agregado, los impuestos internos y los impuestos a los combustibles netos de los subsidios expl\u00edcitos. Por tratarse de bienes destinados al mercado dom\u00e9stico, se excluye el valor de las exportaciones en el c\u00e1lculo del peso relativo de cada actividad.<\/p>\n<h6>El costo de la construcci\u00f3n<\/h6>\n<p>El nivel general del \u00cdndice del costo de la construcci\u00f3n (ICC) en el Gran Buenos Aires correspondiente a septiembre de 2023 registra una suba de 11,1% respecto al mes anterior.<\/p>\n<p>Este resultado surge como consecuencia de un alza de 9,6% en el cap\u00edtulo \u201cMateriales\u201d, de 12,4% en el cap\u00edtulo \u201cMano de obra\u201d y de 13,3% en el cap\u00edtulo \u201cGastos generales\u201d.<\/p>\n<p>El cap\u00edtulo \u201cMano de obra\u201d incorpora los nuevos valores establecidos por el acuerdo salarial de la Uni\u00f3n Obrera de la Construcci\u00f3n de la Rep\u00fablica Argentina (UOCRA), con fecha 28 de junio de 2023, homologado por la Resoluci\u00f3n RESOL-2023-1285-APN-ST#MT el 5 de julio de 2023, aplicable a las categor\u00edas laborales previstas en el Convenio Colectivo de Trabajo 76\/75 desde septiembre de 2023.<\/p>\n<div id=\"673788-Libre-1256608671_wrap\" class=\"embed_cont type_imagen\" contenteditable=\"false\">\n<div id=\"673788-Libre-1256608671_content\" class=\"embed_content\"><img decoding=\"async\" id=\"673788-Libre-1256608671_embed\" title=\"Indec: costo de la construcci\u00f3n. \" src=\"https:\/\/media.diariopopular.com.ar\/p\/2704c572aad94234179d8593b953fd16\/adjuntos\/143\/imagenes\/008\/116\/0008116604\/1140x0\/smart\/imagepng.png\" alt=\"Indec: costo de la construcci\u00f3n. \" width=\"1140\" height=\"\" longdesc=\"https:\/\/media.diariopopular.com.ar\/p\/2704c572aad94234179d8593b953fd16\/adjuntos\/143\/imagenes\/008\/116\/0008116604\/1140x0\/smart\/imagepng.png\" \/><\/div>\n<div id=\"673788-Libre-1256608671_epigrafe\" class=\"embed_epigrafe\">\n<p>Indec: costo de la construcci\u00f3n.<\/p>\n<\/div>\n<div id=\"673788-Libre-1256608671_copyright\" class=\"embed_copyright\"><\/div>\n<\/div>\n<p>Asimismo, el aumento en las categor\u00edas laborales impacta en el cap\u00edtulo \u201cGastos generales\u201d, debido a que este contiene el \u00edtem \u201cSereno\u201d, que se encuentra enmarcado dentro de la resoluci\u00f3n.<\/p>\n<p>El cap\u00edtulo \u201cGastos generales\u201d incluye una actualizaci\u00f3n autorizada por la resoluci\u00f3n RESOL 2023-331-APNSOP#MOP de la Secretar\u00eda de Infraestructura y Pol\u00edtica H\u00eddrica del Ministerio de Obras P\u00fablicas, en los valores de consumo y conexiones de agua y cloaca.<\/p>\n<h6>La Canasta de Crianza ya fue tomada como indicador para el pago de cuota alimentaria<\/h6>\n<p>El \u00edndicador Canasta de Crianza -elaborado por el Instituto Nacional de Estad\u00edstica y Censos (Indec)- ya fue tomado como referencia en 19 fallos judiciales por litigios de incumplimiento de cuota alimentaria en 10 provincias del pa\u00eds.<\/p>\n<p>Esta situaci\u00f3n convierte al indicador en una herramienta pionera en la regi\u00f3n y el mundo en materia de derechos de los ni\u00f1os, dijo a la directora nacional de Econom\u00eda, Igualdad y G\u00e9nero, Sol Prieto.<\/p>\n<p>\u00abEn el pa\u00eds hay m\u00e1s de 1.600.000 hogares monomarentales, donde viven m\u00e1s de 3 millones de ni\u00f1os, ni\u00f1as y adolescentes, esto es 1 de cada 4 hogares con ni\u00f1os y ni\u00f1as\u00bb, se\u00f1al\u00f3 la funcionaria, tras lo cual remarc\u00f3 que \u00aben 3 de cada 5 de estos hogares no se percibe la cuota alimentaria en tiempo y forma\u00bb.<\/p>\n<\/div>\n<\/article>\n","protected":false},"excerpt":{"rendered":"<p>El \u00edndice de\u00a0precios mayoristas\u00a0registr\u00f3 en septiembre un incremento de\u00a09,2%\u00a0respecto de agosto, mientras que el\u00a0costo de la construcci\u00f3n\u00a0avanz\u00f3\u00a011,1% en el mismo<\/p>\n","protected":false},"author":1,"featured_media":8722,"comment_status":"closed","ping_status":"closed","sticky":false,"template":"","format":"standard","meta":{"footnotes":"","jetpack_publicize_message":"","jetpack_publicize_feature_enabled":true,"jetpack_social_post_already_shared":true,"jetpack_social_options":{"image_generator_settings":{"template":"highway","enabled":false},"version":2}},"categories":[5],"tags":[],"class_list":["post-8721","post","type-post","status-publish","format-standard","has-post-thumbnail","hentry","category-economia"],"jetpack_publicize_connections":[],"_links":{"self":[{"href":"https:\/\/diariorepublica.com.ar\/web\/index.php\/wp-json\/wp\/v2\/posts\/8721"}],"collection":[{"href":"https:\/\/diariorepublica.com.ar\/web\/index.php\/wp-json\/wp\/v2\/posts"}],"about":[{"href":"https:\/\/diariorepublica.com.ar\/web\/index.php\/wp-json\/wp\/v2\/types\/post"}],"author":[{"embeddable":true,"href":"https:\/\/diariorepublica.com.ar\/web\/index.php\/wp-json\/wp\/v2\/users\/1"}],"replies":[{"embeddable":true,"href":"https:\/\/diariorepublica.com.ar\/web\/index.php\/wp-json\/wp\/v2\/comments?post=8721"}],"version-history":[{"count":1,"href":"https:\/\/diariorepublica.com.ar\/web\/index.php\/wp-json\/wp\/v2\/posts\/8721\/revisions"}],"predecessor-version":[{"id":8723,"href":"https:\/\/diariorepublica.com.ar\/web\/index.php\/wp-json\/wp\/v2\/posts\/8721\/revisions\/8723"}],"wp:featuredmedia":[{"embeddable":true,"href":"https:\/\/diariorepublica.com.ar\/web\/index.php\/wp-json\/wp\/v2\/media\/8722"}],"wp:attachment":[{"href":"https:\/\/diariorepublica.com.ar\/web\/index.php\/wp-json\/wp\/v2\/media?parent=8721"}],"wp:term":[{"taxonomy":"category","embeddable":true,"href":"https:\/\/diariorepublica.com.ar\/web\/index.php\/wp-json\/wp\/v2\/categories?post=8721"},{"taxonomy":"post_tag","embeddable":true,"href":"https:\/\/diariorepublica.com.ar\/web\/index.php\/wp-json\/wp\/v2\/tags?post=8721"}],"curies":[{"name":"wp","href":"https:\/\/api.w.org\/{rel}","templated":true}]}}