{"id":8731,"date":"2023-10-20T06:15:29","date_gmt":"2023-10-20T09:15:29","guid":{"rendered":"https:\/\/diariorepublica.com.ar\/web\/?p=8731"},"modified":"2023-10-20T06:15:31","modified_gmt":"2023-10-20T09:15:31","slug":"necesitamos-que-sigan-acompanando-este-proyecto","status":"publish","type":"post","link":"https:\/\/diariorepublica.com.ar\/web\/index.php\/politica\/2023\/10\/20\/necesitamos-que-sigan-acompanando-este-proyecto\/","title":{"rendered":"\u00abNecesitamos que sigan acompa\u00f1ando este proyecto\u00bb"},"content":{"rendered":"<p>Catamarca se prepara para elegir el pr\u00f3ximo domingo gobernador y vice, legisladores provinciales, legisladores nacionales y un representante al Parlasur, en simultaneidad con el calendario presidencial, y en unos comicios en los que el gobernador Ra\u00fal Jalil buscar\u00e1 su reelecci\u00f3n.<\/p>\n<p>Jalil, acompa\u00f1ado en la f\u00f3rmula por el actual vicegobernador, Rub\u00e9n Dusso, buscar\u00e1 revalidar la victoria obtenida en las elecciones PASO del pasado 13 de agosto, donde seg\u00fan el escrutinio definitivo alcanz\u00f3 42% de los votos (103.210).<\/p>\n<p>En ese contexto, el mandatario provincial encabez\u00f3 este jueves su cierre de campa\u00f1a en el Club Sarmiento de la Capital. En su discurso, que tuvo foco en los avances en su gesti\u00f3n, aprovech\u00f3 para pedir a los catamarque\u00f1os que contin\u00faen acompa\u00f1ando el proyecto pol\u00edtico y destac\u00f3 que \u00abno hay ninguna elecci\u00f3n ganada\u00bb, sino que \u00abel domingo se gana la elecci\u00f3n\u00bb.<\/p>\n<p>\u00abEstamos terminando esta larga campa\u00f1a con mucha satisfacci\u00f3n por tener dirigentes que defendieron este proyecto pol\u00edtico. Este es un espacio pol\u00edtico que tiene muy claro que lo que hay que hacer en Catamarca, c\u00f3mo hay que hacerlo y c\u00f3mo ha cambiado Catamarca\u00bb, resalt\u00f3 el candidato.<\/p>\n<p>Luego, el postulante de Uni\u00f3n por la Patria agreg\u00f3: \u00abCatamarca ha cambiado para bien, cambi\u00f3 para que la gente deje de salir de Catamarca e ir al conurbano o vivir en el sur o fuera del pa\u00eds. Hoy la ciudad de Catamarca es una de las mejores, o tal vez, la mejor de la Argentina\u00bb.<\/p>\n<p>Luego, el gobernador agreg\u00f3: \u00abHan sido \u00e9pocas muy dif\u00edciles en la cual tener una pandemia, dos guerreas, pero a pesar de todo este gobierno tiene un acercamiento con la gente, tenemos pol\u00edticas inclusivas y ha generado un mont\u00f3n de empleo privado\u00bb.<\/p>\n<p>A su vez, asegur\u00f3 que \u00abhoy necesitamos que Sergio Massa sea nuestro presidente\u00bb porque es el \u00fanico candidato presidencial \u00abque tiene el conocimiento, la prudencia y la visi\u00f3n de ayudar el Norte Argentino\u00bb.<\/p>\n<p>En este aspecto, Jalil apunt\u00f3: \u00abNecesitamos que sigan acompa\u00f1ando este proyecto, pero no hay ninguna elecci\u00f3n ganada, se la gana el d\u00eda domingo yendo a buscar cada voto de los peronistas, de los radicales, de los independientes, de los j\u00f3venes que est\u00e1n dudando que significa que la universidad sea gratuita y un v\u00e1ucher que nadie puede explicar\u00bb, enfatiz\u00f3 sobre el cierre.<\/p>\n","protected":false},"excerpt":{"rendered":"<p>Catamarca se prepara para elegir el pr\u00f3ximo domingo gobernador y vice, legisladores provinciales, legisladores nacionales y un representante al Parlasur,<\/p>\n","protected":false},"author":2,"featured_media":8732,"comment_status":"closed","ping_status":"closed","sticky":false,"template":"","format":"standard","meta":{"footnotes":"","jetpack_publicize_message":"","jetpack_publicize_feature_enabled":true,"jetpack_social_post_already_shared":true,"jetpack_social_options":{"image_generator_settings":{"template":"highway","enabled":false},"version":2}},"categories":[12],"tags":[],"class_list":["post-8731","post","type-post","status-publish","format-standard","has-post-thumbnail","hentry","category-politica"],"jetpack_publicize_connections":[],"_links":{"self":[{"href":"https:\/\/diariorepublica.com.ar\/web\/index.php\/wp-json\/wp\/v2\/posts\/8731"}],"collection":[{"href":"https:\/\/diariorepublica.com.ar\/web\/index.php\/wp-json\/wp\/v2\/posts"}],"about":[{"href":"https:\/\/diariorepublica.com.ar\/web\/index.php\/wp-json\/wp\/v2\/types\/post"}],"author":[{"embeddable":true,"href":"https:\/\/diariorepublica.com.ar\/web\/index.php\/wp-json\/wp\/v2\/users\/2"}],"replies":[{"embeddable":true,"href":"https:\/\/diariorepublica.com.ar\/web\/index.php\/wp-json\/wp\/v2\/comments?post=8731"}],"version-history":[{"count":1,"href":"https:\/\/diariorepublica.com.ar\/web\/index.php\/wp-json\/wp\/v2\/posts\/8731\/revisions"}],"predecessor-version":[{"id":8733,"href":"https:\/\/diariorepublica.com.ar\/web\/index.php\/wp-json\/wp\/v2\/posts\/8731\/revisions\/8733"}],"wp:featuredmedia":[{"embeddable":true,"href":"https:\/\/diariorepublica.com.ar\/web\/index.php\/wp-json\/wp\/v2\/media\/8732"}],"wp:attachment":[{"href":"https:\/\/diariorepublica.com.ar\/web\/index.php\/wp-json\/wp\/v2\/media?parent=8731"}],"wp:term":[{"taxonomy":"category","embeddable":true,"href":"https:\/\/diariorepublica.com.ar\/web\/index.php\/wp-json\/wp\/v2\/categories?post=8731"},{"taxonomy":"post_tag","embeddable":true,"href":"https:\/\/diariorepublica.com.ar\/web\/index.php\/wp-json\/wp\/v2\/tags?post=8731"}],"curies":[{"name":"wp","href":"https:\/\/api.w.org\/{rel}","templated":true}]}}