{"id":874,"date":"2023-04-03T08:47:23","date_gmt":"2023-04-03T11:47:23","guid":{"rendered":"https:\/\/diariorepublica.com.ar\/web\/?p=874"},"modified":"2023-04-03T08:47:27","modified_gmt":"2023-04-03T11:47:27","slug":"alberto-fernandez-lo-que-quiero-es-que-gane-el-frente-de-todos-puedo-ser-yo-u-otro-u-otra","status":"publish","type":"post","link":"https:\/\/diariorepublica.com.ar\/web\/index.php\/politica\/2023\/04\/03\/alberto-fernandez-lo-que-quiero-es-que-gane-el-frente-de-todos-puedo-ser-yo-u-otro-u-otra\/","title":{"rendered":"Alberto Fern\u00e1ndez:\u00a0\u00abLo que quiero es que gane el Frente de Todos, puedo ser yo u otro, u otra\u00bb"},"content":{"rendered":"<p>El\u00a0<strong>presidente Alberto Fern\u00e1ndez<\/strong>\u00a0habl\u00f3 en una entrevista exclusiva con el periodista\u00a0<strong>Tom\u00e1s Rebord<\/strong>\u00a0en su programa por\u00a0<strong>Youtube \u00abEl M\u00e9todo\u00bb<\/strong>. El mandatario no dej\u00f3 tema de la\u00a0<strong>actualidad argentina<\/strong>\u00a0por tocar y se sincer\u00f3 a pocos d\u00edas de regresar de su\u00a0viaje a los Estados Unidos.<\/p>\n<p>Con este marco, y en plena carrera hacia las\u00a0<strong>pr\u00f3ximas elecciones de octubre<\/strong>, el mandatario hizo hincapi\u00e9 y se encarg\u00f3 de dejar bien claras sus coincidencias con su par norteamericano,\u00a0<strong>Joe Biden<\/strong>.<\/p>\n<p>La cuesti\u00f3n, y el acercamiento entre ambos presidentes, pas\u00f3 fundamentalmente por\u00a0<strong>la \u00abmala imagen\u00bb que tienen ambos sobre el ex presidente de ese pa\u00eds Donald Trump.<\/strong><\/p>\n<p>Tambi\u00e9n asegur\u00f3 que\u00a0<strong>Biden<\/strong>\u00a0entiende que\u00a0<strong>existen \u00absimilitudes\u00bb entre el ex presidentes Macri y Trump<\/strong>. \u00ab<strong>Biden tiene muy claras las similitudes entre Macri y Trump.<\/strong>\u00a0Entiende el v\u00ednculo que tuvieron y tienen, y que la deuda que tiene la Argentina se la dio Trump para salvar pol\u00edticamente a su amigo Macri\u00bb, sostuvo el presidente.<\/p>\n<p><strong>Fern\u00e1ndez<\/strong>\u00a0ponder\u00f3 la figura de\u00a0<strong>Biden<\/strong>, al que defini\u00f3 como una persona que\u00a0<strong>\u00abtransmite tranquilidad y afecto\u00bb<\/strong>, y tambi\u00e9n la oportunidad de haber conversado \u00abuna hora y media\u00bb con los equipos de gobierno de la Argentina y los Estados Unidos.\u00a0<strong>\u00abPudimos transmitir lo que necesitamos de los Estados Unidos\u00bb<\/strong>, destac\u00f3 el Presidente.<\/p>\n<h6>La interna<\/h6>\n<p>Pero no fueron estos los \u00fanicos temas tocados por el mandatario argentino. El presidente\u00a0<strong>Alberto Fern\u00e1ndez<\/strong>\u00a0volvi\u00f3 a mostrarse esta noche proclive a que haya una\u00a0<strong>competencia de candidaturas del Frente de Todos en unas PASO.<\/strong><\/p>\n<p><strong>\u00abEs lo mejor que nos puede pasar. Que mejor que podr\u00eda pasar que ver a toda nuestra militancia movilizada\u00bb<\/strong>, expres\u00f3, mientras se\u00f1al\u00f3 que el candidato del espacio gobernante tiene que se el que garantice el triunfo. Por otro lado, asegur\u00f3 que su enemigo principal es la derecha recalcitrante, representada en\u00a0<strong>Juntos por el Cambio<\/strong>, y que su objetivo es que no vuelva al poder.<\/p>\n","protected":false},"excerpt":{"rendered":"<p>El\u00a0presidente Alberto Fern\u00e1ndez\u00a0habl\u00f3 en una entrevista exclusiva con el periodista\u00a0Tom\u00e1s Rebord\u00a0en su programa por\u00a0Youtube \u00abEl M\u00e9todo\u00bb. El mandatario no dej\u00f3<\/p>\n","protected":false},"author":1,"featured_media":875,"comment_status":"closed","ping_status":"closed","sticky":false,"template":"","format":"standard","meta":{"footnotes":"","jetpack_publicize_message":"","jetpack_publicize_feature_enabled":true,"jetpack_social_post_already_shared":false,"jetpack_social_options":{"image_generator_settings":{"template":"highway","enabled":false},"version":2}},"categories":[12],"tags":[],"class_list":["post-874","post","type-post","status-publish","format-standard","has-post-thumbnail","hentry","category-politica"],"jetpack_publicize_connections":[],"_links":{"self":[{"href":"https:\/\/diariorepublica.com.ar\/web\/index.php\/wp-json\/wp\/v2\/posts\/874"}],"collection":[{"href":"https:\/\/diariorepublica.com.ar\/web\/index.php\/wp-json\/wp\/v2\/posts"}],"about":[{"href":"https:\/\/diariorepublica.com.ar\/web\/index.php\/wp-json\/wp\/v2\/types\/post"}],"author":[{"embeddable":true,"href":"https:\/\/diariorepublica.com.ar\/web\/index.php\/wp-json\/wp\/v2\/users\/1"}],"replies":[{"embeddable":true,"href":"https:\/\/diariorepublica.com.ar\/web\/index.php\/wp-json\/wp\/v2\/comments?post=874"}],"version-history":[{"count":1,"href":"https:\/\/diariorepublica.com.ar\/web\/index.php\/wp-json\/wp\/v2\/posts\/874\/revisions"}],"predecessor-version":[{"id":876,"href":"https:\/\/diariorepublica.com.ar\/web\/index.php\/wp-json\/wp\/v2\/posts\/874\/revisions\/876"}],"wp:featuredmedia":[{"embeddable":true,"href":"https:\/\/diariorepublica.com.ar\/web\/index.php\/wp-json\/wp\/v2\/media\/875"}],"wp:attachment":[{"href":"https:\/\/diariorepublica.com.ar\/web\/index.php\/wp-json\/wp\/v2\/media?parent=874"}],"wp:term":[{"taxonomy":"category","embeddable":true,"href":"https:\/\/diariorepublica.com.ar\/web\/index.php\/wp-json\/wp\/v2\/categories?post=874"},{"taxonomy":"post_tag","embeddable":true,"href":"https:\/\/diariorepublica.com.ar\/web\/index.php\/wp-json\/wp\/v2\/tags?post=874"}],"curies":[{"name":"wp","href":"https:\/\/api.w.org\/{rel}","templated":true}]}}