{"id":8779,"date":"2023-10-20T18:27:11","date_gmt":"2023-10-20T21:27:11","guid":{"rendered":"https:\/\/diariorepublica.com.ar\/web\/?p=8779"},"modified":"2023-10-20T18:27:12","modified_gmt":"2023-10-20T21:27:12","slug":"llego-al-pais-el-tercer-vuelo-con-argentinos-repatriados-desde-israel","status":"publish","type":"post","link":"https:\/\/diariorepublica.com.ar\/web\/index.php\/nacionales\/2023\/10\/20\/llego-al-pais-el-tercer-vuelo-con-argentinos-repatriados-desde-israel\/","title":{"rendered":"Lleg\u00f3 al pa\u00eds el tercer vuelo con argentinos repatriados desde Israel"},"content":{"rendered":"<p>El tercer vuelo de Aerol\u00edneas Argentinas que trae al pa\u00eds a un nuevo contingente de ciudadanos repatriados que decidieron dejar Israel tras el inicio de la guerra con Hamas, lleg\u00f3 en la tarde del viernes a Buenos Aires desde Roma como parte del operativo \u00abRegreso Seguro\u00bb que despliega el Gobierno nacional en un trabajo conjunto de la Canciller\u00eda, el Ministerio de Defensa y las Fuerzas Armadas.<\/p>\n<p>El Airbus 330-200, matr\u00edcula LV-GHQ, con el n\u00famero de vuelo AR1091, aterriz\u00f3 en el aeropuerto internacional de Ezeiza a las 15.49.<\/p>\n<p>La aeronave hab\u00eda partido el jueves a la ma\u00f1ana y lleg\u00f3 a la capital italiana poco antes de la medianoche en calidad de \u00abFerry\u00bb, es decir sin pasajeros y s\u00f3lo con la tripulaci\u00f3n a bordo.<\/p>\n<p>Tras recargar combustible y proceder al embarque de los 229 argentinos que hab\u00edan sido trasladados hasta Roma por los aviones H\u00e9rcules C-130 y Boeing 737 de la Fuerza A\u00e9rea Argentina, el avi\u00f3n emprendi\u00f3 el regreso a la Argentina. Entre los pasajeros hab\u00eda 14 militares que estuvieron cumpliendo funciones en la zona y una mascota.<\/p>\n<p>En tanto, los aviones H\u00e9rcules C-130 y Boeing 737 de la Fuerza A\u00e9rea Argentina contin\u00faan realizando puentes a\u00e9reos entre las ciudades de Tel Aviv y Roma, para repatriar a los m\u00e1s de 1.500 argentinos que se inscribieron para ser evacuados de Israel.<\/p>\n<p>Fuente: T\u00e9lam.<\/p>\n<p>Foto: NA.<\/p>\n","protected":false},"excerpt":{"rendered":"<p>El tercer vuelo de Aerol\u00edneas Argentinas que trae al pa\u00eds a un nuevo contingente de ciudadanos repatriados que decidieron dejar<\/p>\n","protected":false},"author":1,"featured_media":8780,"comment_status":"closed","ping_status":"closed","sticky":false,"template":"","format":"standard","meta":{"footnotes":"","jetpack_publicize_message":"","jetpack_publicize_feature_enabled":true,"jetpack_social_post_already_shared":true,"jetpack_social_options":{"image_generator_settings":{"template":"highway","enabled":false},"version":2}},"categories":[4],"tags":[],"class_list":["post-8779","post","type-post","status-publish","format-standard","has-post-thumbnail","hentry","category-nacionales"],"jetpack_publicize_connections":[],"_links":{"self":[{"href":"https:\/\/diariorepublica.com.ar\/web\/index.php\/wp-json\/wp\/v2\/posts\/8779"}],"collection":[{"href":"https:\/\/diariorepublica.com.ar\/web\/index.php\/wp-json\/wp\/v2\/posts"}],"about":[{"href":"https:\/\/diariorepublica.com.ar\/web\/index.php\/wp-json\/wp\/v2\/types\/post"}],"author":[{"embeddable":true,"href":"https:\/\/diariorepublica.com.ar\/web\/index.php\/wp-json\/wp\/v2\/users\/1"}],"replies":[{"embeddable":true,"href":"https:\/\/diariorepublica.com.ar\/web\/index.php\/wp-json\/wp\/v2\/comments?post=8779"}],"version-history":[{"count":1,"href":"https:\/\/diariorepublica.com.ar\/web\/index.php\/wp-json\/wp\/v2\/posts\/8779\/revisions"}],"predecessor-version":[{"id":8781,"href":"https:\/\/diariorepublica.com.ar\/web\/index.php\/wp-json\/wp\/v2\/posts\/8779\/revisions\/8781"}],"wp:featuredmedia":[{"embeddable":true,"href":"https:\/\/diariorepublica.com.ar\/web\/index.php\/wp-json\/wp\/v2\/media\/8780"}],"wp:attachment":[{"href":"https:\/\/diariorepublica.com.ar\/web\/index.php\/wp-json\/wp\/v2\/media?parent=8779"}],"wp:term":[{"taxonomy":"category","embeddable":true,"href":"https:\/\/diariorepublica.com.ar\/web\/index.php\/wp-json\/wp\/v2\/categories?post=8779"},{"taxonomy":"post_tag","embeddable":true,"href":"https:\/\/diariorepublica.com.ar\/web\/index.php\/wp-json\/wp\/v2\/tags?post=8779"}],"curies":[{"name":"wp","href":"https:\/\/api.w.org\/{rel}","templated":true}]}}