{"id":8782,"date":"2023-10-20T16:27:00","date_gmt":"2023-10-20T19:27:00","guid":{"rendered":"https:\/\/diariorepublica.com.ar\/web\/?p=8782"},"modified":"2023-10-20T18:28:27","modified_gmt":"2023-10-20T21:28:27","slug":"peritaron-el-celular-de-chocolate-rigau","status":"publish","type":"post","link":"https:\/\/diariorepublica.com.ar\/web\/index.php\/nacionales\/2023\/10\/20\/peritaron-el-celular-de-chocolate-rigau\/","title":{"rendered":"Peritaron el celular de Chocolate Rigau"},"content":{"rendered":"<article id=\"article-post\" class=\"first\">\n<div class=\"cuerpo\" data-twitter-link=\"https:\/\/twitter.com\/intent\/tweet?url=https:\/\/www.diariopopular.com.ar\/c749489&amp;via=poopulardiario&amp;related=Popular&amp;text=\">\n<p>La Justicia realiz\u00f3 la pericia al celular de<strong>\u00a0Julio \u201cChocolate\u201d Rigau,\u00a0<\/strong>el puntero del Partido Justicialista que cobraba en nombre de cerca de medio centenar de empleados de la\u00a0<strong>Legislatura bonaerense,<\/strong>\u00a0a trav\u00e9s de tarjeta de d\u00e9bito, luego de diversas dilaciones que demoraron el peritaje.<\/p>\n<\/div>\n<\/article>\n<article id=\"article-post\">\n<div class=\"cuerpo\" data-twitter-link=\"https:\/\/twitter.com\/intent\/tweet?url=https:\/\/www.diariopopular.com.ar\/c749489&amp;via=poopulardiario&amp;related=Popular&amp;text=\">\n<p>La decisi\u00f3n es de la fiscal\u00a0<strong>Betina Lacki,<\/strong>\u00a0quien se encargar\u00e1 de llevar el control sobre el estudio pericial el cual se hab\u00eda suspendido por un planteo de la defensa y cuando la causa estaba declarada nula.<\/p>\n<p>El procedimiento arranc\u00f3 este viernes a las 11 y se extendi\u00f3 por m\u00e1s de tres horas, luego del pedido que hizo el perito de la defensa, el abogado\u00a0<strong>Hugo Wortman Jofre<\/strong>, presidente de la fundaci\u00f3n Poder Ciudadano que participa en la causa como querellante, que demor\u00f3 el inicio del an\u00e1lisis del dispositivo. Se trata de un<strong>\u00a0celular marca Samsung, modelo SM-G532M, de color gris.<\/strong><\/p>\n<p>El perito descarg\u00f3 la informaci\u00f3n del m\u00f3vil y realiz\u00f3 una copia de seguridad del contenido, y\u00a0<strong>el resultado se conocer\u00e1 la semana pr\u00f3xima, despu\u00e9s de las elecciones.<\/strong><\/p>\n<p>Mientras que la fiscal Lacki pidi\u00f3 que se revele el detalle de las llamadas entrantes y salientes que hizo el puntero, adem\u00e1s se busca entrar en su lista de contactos y en sus mensajes. Los investigadores creen que all\u00ed podr\u00edan encontrar v\u00ednculos con pol\u00edticos, lo que demostrar\u00eda los v\u00ednculos del acusado dentro de la Legislatura bonaerense.<\/p>\n<p>Por su parte, los tres due\u00f1os de tarjetas de d\u00e9bito que fueron citados a declarar este viernes no se presentaron, pero s\u00ed lo hizo el hombre en situaci\u00f3n de calle que fue testigo de la denuncia.<\/p>\n<p>El especialista\u00a0<strong>Martin Sebasti\u00e1n Correa<\/strong>\u00a0solicit\u00f3 que se le diera \u201cel plazo establecido por ley para aceptar el cargo propuesto por los defensores\u201d. La solicitud fue presentada este viernes ante el Juzgado de Garant\u00edas N\u00b01 de La Plata.<\/p>\n<p>\u201cPara clarificar, el art. 138 CPP reza \u2018Los actos procesales se practicar\u00e1n dentro de los plazos fijados en cada caso. Cuando no se fije, se practicar\u00e1n dentro de tres (3) d\u00edas. Correr\u00e1n para cada interesado desde su notificaci\u00f3n o si fueren comunes, desde la \u00faltima que se practicara, y se computar\u00e1n en la forma establecida por el C\u00f3digo Civil\u2019. En ese sentido, me encuentro habilitado por ley a aceptar el cargo propuesto hasta el d\u00eda martes 24\/10\/2023 a las 12.00 am\u201d, escribi\u00f3 en el documento presentado.<\/p>\n<h6>C\u00f3mo avanza la investigaci\u00f3n<\/h6>\n<p>Julio \u00abChocolate\u00bb Rigau fue detenido el 9 de septiembre en un cajero ubicado en la calle 54 y la avenida 7, de la ciudad de La Plata, mientras retiraba los sueldos de 48 empleados de la Legislatura bonaerense. En su poder ya ten\u00eda\u00a0<strong>$1.260.000.<\/strong>\u00a0Adem\u00e1s le secuestraron una tarjeta del Banco Macro. Por ese motivo, en el expediente se habla de 49 tarjetas.<\/p>\n<p>El arresto se concret\u00f3 cuando un cliente del Banco de la Provincia de Buenos Aires alert\u00f3 a la Polic\u00eda que hab\u00eda una persona que llevaba mucho tiempo parado frente a uno de los cajeros autom\u00e1ticos. Cuando lo requisaron, se dieron cuenta que llevaba dinero, tarjetas, sobres, y varios tickets.<\/p>\n<p>Entre los titulares de las tarjetas hab\u00eda hombres y mujeres de distintas edades, cuyos sueldos rondan la cifra de $500 mil. Algunos son vecinos de la zona (La Plata, Tolosa, Berisso y Ensenada) y otros de municipios del Conurbano m\u00e1s lejanos, como Tigre o Hurlingham. A la fiscal la atenci\u00f3n que hab\u00eda dos personas con el mismo apellido que Rigau, aunque todav\u00eda no se pudo establecer el v\u00ednculo familiar.<\/p>\n<\/div>\n<\/article>\n","protected":false},"excerpt":{"rendered":"<p>La Justicia realiz\u00f3 la pericia al celular de\u00a0Julio \u201cChocolate\u201d Rigau,\u00a0el puntero del Partido Justicialista que cobraba en nombre de cerca<\/p>\n","protected":false},"author":1,"featured_media":8783,"comment_status":"closed","ping_status":"closed","sticky":false,"template":"","format":"standard","meta":{"footnotes":"","jetpack_publicize_message":"","jetpack_publicize_feature_enabled":true,"jetpack_social_post_already_shared":true,"jetpack_social_options":{"image_generator_settings":{"template":"highway","enabled":false},"version":2}},"categories":[4],"tags":[],"class_list":["post-8782","post","type-post","status-publish","format-standard","has-post-thumbnail","hentry","category-nacionales"],"jetpack_publicize_connections":[],"_links":{"self":[{"href":"https:\/\/diariorepublica.com.ar\/web\/index.php\/wp-json\/wp\/v2\/posts\/8782"}],"collection":[{"href":"https:\/\/diariorepublica.com.ar\/web\/index.php\/wp-json\/wp\/v2\/posts"}],"about":[{"href":"https:\/\/diariorepublica.com.ar\/web\/index.php\/wp-json\/wp\/v2\/types\/post"}],"author":[{"embeddable":true,"href":"https:\/\/diariorepublica.com.ar\/web\/index.php\/wp-json\/wp\/v2\/users\/1"}],"replies":[{"embeddable":true,"href":"https:\/\/diariorepublica.com.ar\/web\/index.php\/wp-json\/wp\/v2\/comments?post=8782"}],"version-history":[{"count":1,"href":"https:\/\/diariorepublica.com.ar\/web\/index.php\/wp-json\/wp\/v2\/posts\/8782\/revisions"}],"predecessor-version":[{"id":8784,"href":"https:\/\/diariorepublica.com.ar\/web\/index.php\/wp-json\/wp\/v2\/posts\/8782\/revisions\/8784"}],"wp:featuredmedia":[{"embeddable":true,"href":"https:\/\/diariorepublica.com.ar\/web\/index.php\/wp-json\/wp\/v2\/media\/8783"}],"wp:attachment":[{"href":"https:\/\/diariorepublica.com.ar\/web\/index.php\/wp-json\/wp\/v2\/media?parent=8782"}],"wp:term":[{"taxonomy":"category","embeddable":true,"href":"https:\/\/diariorepublica.com.ar\/web\/index.php\/wp-json\/wp\/v2\/categories?post=8782"},{"taxonomy":"post_tag","embeddable":true,"href":"https:\/\/diariorepublica.com.ar\/web\/index.php\/wp-json\/wp\/v2\/tags?post=8782"}],"curies":[{"name":"wp","href":"https:\/\/api.w.org\/{rel}","templated":true}]}}