{"id":8785,"date":"2023-10-20T15:28:00","date_gmt":"2023-10-20T18:28:00","guid":{"rendered":"https:\/\/diariorepublica.com.ar\/web\/?p=8785"},"modified":"2023-10-20T18:32:43","modified_gmt":"2023-10-20T21:32:43","slug":"tras-la-mediacion-de-qatar-hamas-anuncio-la-liberacion-de-dos-rehenes-estadounidenses","status":"publish","type":"post","link":"https:\/\/diariorepublica.com.ar\/web\/index.php\/internacionales\/2023\/10\/20\/tras-la-mediacion-de-qatar-hamas-anuncio-la-liberacion-de-dos-rehenes-estadounidenses\/","title":{"rendered":"Tras la mediaci\u00f3n de Qatar, Hamas anunci\u00f3 la liberaci\u00f3n de dos rehenes estadounidenses"},"content":{"rendered":"<p>Hamas\u00a0afirm\u00f3 que liber\u00f3 \u00ab<strong>por motivos humanitarios<\/strong>\u00bb a dos rehenes estadounidenses, de las cerca de 200 personas que fueron secuestradas en la ofensiva sin precedentes en\u00a0Israel\u00a0el 7 de octubre.<\/p>\n<p>Un<strong>\u00a0portavoz del brazo militar del movimiento islamista, Abu Obeida<\/strong>, indic\u00f3 en un comunicado publicado en Telegram que una mujer estadounidense y su hija fueron liberadas \u00ab<strong>por motivos humanitarios, tras la mediaci\u00f3n de Qatar\u00bb.<\/strong><\/p>\n<p>La informaci\u00f3n difundida por las brigadas Ezzedin al Qassam\u00a0<strong>no fue confirmada por el momento por Estados Unidos ni por Israel.<\/strong><\/p>\n<p><strong>\u00abLiberamos a los dos detenidos estadounidenses para demostrar al pueblo estadounidense y al mundo la falsedad de las acusaciones<\/strong>\u00bb vertidas por el presidente de Estados Unidos, Joe Biden, contra el movimiento islamista, indic\u00f3 el comunicado.<\/p>\n","protected":false},"excerpt":{"rendered":"<p>Hamas\u00a0afirm\u00f3 que liber\u00f3 \u00abpor motivos humanitarios\u00bb a dos rehenes estadounidenses, de las cerca de 200 personas que fueron secuestradas en<\/p>\n","protected":false},"author":1,"featured_media":8786,"comment_status":"closed","ping_status":"closed","sticky":false,"template":"","format":"standard","meta":{"footnotes":"","jetpack_publicize_message":"","jetpack_publicize_feature_enabled":true,"jetpack_social_post_already_shared":true,"jetpack_social_options":{"image_generator_settings":{"template":"highway","enabled":false},"version":2}},"categories":[6],"tags":[],"class_list":["post-8785","post","type-post","status-publish","format-standard","has-post-thumbnail","hentry","category-internacionales"],"jetpack_publicize_connections":[],"_links":{"self":[{"href":"https:\/\/diariorepublica.com.ar\/web\/index.php\/wp-json\/wp\/v2\/posts\/8785"}],"collection":[{"href":"https:\/\/diariorepublica.com.ar\/web\/index.php\/wp-json\/wp\/v2\/posts"}],"about":[{"href":"https:\/\/diariorepublica.com.ar\/web\/index.php\/wp-json\/wp\/v2\/types\/post"}],"author":[{"embeddable":true,"href":"https:\/\/diariorepublica.com.ar\/web\/index.php\/wp-json\/wp\/v2\/users\/1"}],"replies":[{"embeddable":true,"href":"https:\/\/diariorepublica.com.ar\/web\/index.php\/wp-json\/wp\/v2\/comments?post=8785"}],"version-history":[{"count":1,"href":"https:\/\/diariorepublica.com.ar\/web\/index.php\/wp-json\/wp\/v2\/posts\/8785\/revisions"}],"predecessor-version":[{"id":8787,"href":"https:\/\/diariorepublica.com.ar\/web\/index.php\/wp-json\/wp\/v2\/posts\/8785\/revisions\/8787"}],"wp:featuredmedia":[{"embeddable":true,"href":"https:\/\/diariorepublica.com.ar\/web\/index.php\/wp-json\/wp\/v2\/media\/8786"}],"wp:attachment":[{"href":"https:\/\/diariorepublica.com.ar\/web\/index.php\/wp-json\/wp\/v2\/media?parent=8785"}],"wp:term":[{"taxonomy":"category","embeddable":true,"href":"https:\/\/diariorepublica.com.ar\/web\/index.php\/wp-json\/wp\/v2\/categories?post=8785"},{"taxonomy":"post_tag","embeddable":true,"href":"https:\/\/diariorepublica.com.ar\/web\/index.php\/wp-json\/wp\/v2\/tags?post=8785"}],"curies":[{"name":"wp","href":"https:\/\/api.w.org\/{rel}","templated":true}]}}