{"id":8797,"date":"2023-10-22T19:30:00","date_gmt":"2023-10-22T22:30:00","guid":{"rendered":"https:\/\/diariorepublica.com.ar\/web\/?p=8797"},"modified":"2023-10-22T18:30:35","modified_gmt":"2023-10-22T21:30:35","slug":"que-es-el-balotaje-y-cuando-se-aplica","status":"publish","type":"post","link":"https:\/\/diariorepublica.com.ar\/web\/index.php\/nacionales\/2023\/10\/22\/que-es-el-balotaje-y-cuando-se-aplica\/","title":{"rendered":"Qu\u00e9 es el balotaje y cu\u00e1ndo se aplica"},"content":{"rendered":"<article class=\"article-body article-body--first-paragraph content-protected-false\" data-td-script-src=\"https:\/\/www.ambito.com\/td\/modulos\/encuestas\/js\/function-embeds-min-version-1660312092.js\">Los argentinos acudieron a las urnas este domingo para elegir al futuro presidente de la Naci\u00f3n entre cinco candidatos:\u00a0<strong>Sergio Massa, Javier Milei, Patricia Bullrich, Juan Schiaretti y Myriam Bregman<\/strong>. Ahora se esperan los\u00a0resultados.<\/p>\n<\/article>\n<div class=\"banner banner--free-banner\">\n<div class=\"banner__content-wrapper\">\n<div id=\"ad-slot-outstream\" class=\"ad-slot-outstream\"><span style=\"font-size: 15px;\">Dado los guarismos de las PASO, a ninguno de ellos les alcanzar\u00eda para ganar en primera vuelta. <\/span><strong style=\"font-size: 15px;\">Esto supone que los candidatos que queden en primer y segundo lugar deber\u00e1n disputar un balotaje, el pr\u00f3ximo 19 de noviembre.<\/strong><\/div>\n<div>\n<article class=\"article-body article-body--third-paragraph content-protected-false\">En Argentina, los candidatos presidenciales deber\u00e1n alcanzar el porcentaje establecido por la Constituci\u00f3n Nacional para sentarse en el sill\u00f3n de Rivadavia:\u00a0<strong>45% de los votos afirmativos o por lo menos el 40% de los votos<\/strong>\u00a0y una diferencia porcentual mayor a\u00a0<strong>10 puntos con respecto al principal opositor, seg\u00fan los art\u00edculos 97 y 98.<\/strong><\/p>\n<\/article>\n<article class=\"article-body article-body--fourth-paragraph content-protected-false\">Ya en el\u00a0<strong>balotaje<\/strong>, aquel candidato que obtenga la mayor\u00eda de votos, sin necesidad de una diferencia porcentual determinada, se erigir\u00e1 como ganador de las elecciones y, por consecuencia, ser\u00e1 nombrado como Presidente de la Naci\u00f3n.<\/p>\n<h6>Cu\u00e1ndo es el balotaje<\/h6>\n<p>Una hipot\u00e9tica segunda vuelta electoral est\u00e1 estipulada, seg\u00fan los plazos de la C\u00e1mara Nacional Electoral, para el domingo 19 de noviembre, puesto que las elecciones deben organizarse\u00a0<strong>en el plazo de 30 d\u00edas posteriores al primer comicio presidencial<\/strong>, en el marco del art\u00edculo 96 de la carta magna.<\/p>\n<h6>Qu\u00e9 se necesita para ganar en primera vuelta<\/h6>\n<p>Para ser electo presidente en primera vuelta,<strong>\u00a0el candidato m\u00e1s votado debe obtener el 45% de los sufragios<\/strong>\u00a0o el 40% y una diferencia de 10 puntos con el segundo postulante. Caso contrario habr\u00e1 balotaje, que seg\u00fan la ley debe realizarse dentro de los 30 d\u00edas de realizada la elecci\u00f3n general.<\/p>\n<p>En un hipot\u00e9tico escenario de segunda vuelta, la C\u00e1mara Nacional Electoral estipula que los argentinos deber\u00e1n\u00a0<strong>volver a las urnas el domingo 19 de noviembre<\/strong>.<\/p>\n<p>Ya en el balotaje, aquel candidato que obtenga la mayor\u00eda de votos, sin necesidad de una diferencia porcentual determinada, se erigir\u00e1 como ganador de las elecciones y, por consecuencia, ser\u00e1 nombrado como Presidente de la Naci\u00f3n.<\/p>\n<h6>Posible debate presidencial en caso de balotaje<\/h6>\n<p>Los\u00a0<strong>debates presidenciales<\/strong>\u00a0se llevan a cabo bajo la normativa 19.945, la cual establece que \u00ablas personas candidatas a ser Presidente o Presidenta tienen la obligaci\u00f3n de debatir antes de las elecciones. La ley establece cu\u00e1ndo y c\u00f3mo deben hacerse los debates\u00bb.<\/p>\n<p>La C\u00e1mara Nacional Electoral (CNE) es la encargada de llamar a los candidatos a\u00a0<strong>una audiencia para acordar la reglamentaci\u00f3n del debate<\/strong>. Adem\u00e1s, en esa instancia se elige a los moderadores del debate, es decir, las personas que conducir\u00e1n el debate, har\u00e1n las preguntas, indicar\u00e1n el tiempo que cada uno de los candidatos tiene para hablar, entre otras funciones.<\/p>\n<p>En caso de una segunda vuelta,\u00a0<strong>se deber\u00e1 llevar a cabo otro debate con los candidatos que participar\u00e1n del ballotage<\/strong>, al igual que ocurri\u00f3 en las presidenciales de 2015. En ese caso, el debate debe desarrollarse dentro de los 10 d\u00edas anteriores a la fecha de la elecci\u00f3n.<\/p>\n<p>Fuente: ambito.com<\/p>\n<\/article>\n<\/div>\n<\/div>\n<\/div>\n","protected":false},"excerpt":{"rendered":"<p>Los argentinos acudieron a las urnas este domingo para elegir al futuro presidente de la Naci\u00f3n entre cinco candidatos:\u00a0Sergio Massa,<\/p>\n","protected":false},"author":1,"featured_media":8798,"comment_status":"closed","ping_status":"closed","sticky":false,"template":"","format":"standard","meta":{"footnotes":"","jetpack_publicize_message":"","jetpack_publicize_feature_enabled":true,"jetpack_social_post_already_shared":true,"jetpack_social_options":{"image_generator_settings":{"template":"highway","enabled":false},"version":2}},"categories":[4],"tags":[],"class_list":["post-8797","post","type-post","status-publish","format-standard","has-post-thumbnail","hentry","category-nacionales"],"jetpack_publicize_connections":[],"_links":{"self":[{"href":"https:\/\/diariorepublica.com.ar\/web\/index.php\/wp-json\/wp\/v2\/posts\/8797"}],"collection":[{"href":"https:\/\/diariorepublica.com.ar\/web\/index.php\/wp-json\/wp\/v2\/posts"}],"about":[{"href":"https:\/\/diariorepublica.com.ar\/web\/index.php\/wp-json\/wp\/v2\/types\/post"}],"author":[{"embeddable":true,"href":"https:\/\/diariorepublica.com.ar\/web\/index.php\/wp-json\/wp\/v2\/users\/1"}],"replies":[{"embeddable":true,"href":"https:\/\/diariorepublica.com.ar\/web\/index.php\/wp-json\/wp\/v2\/comments?post=8797"}],"version-history":[{"count":1,"href":"https:\/\/diariorepublica.com.ar\/web\/index.php\/wp-json\/wp\/v2\/posts\/8797\/revisions"}],"predecessor-version":[{"id":8799,"href":"https:\/\/diariorepublica.com.ar\/web\/index.php\/wp-json\/wp\/v2\/posts\/8797\/revisions\/8799"}],"wp:featuredmedia":[{"embeddable":true,"href":"https:\/\/diariorepublica.com.ar\/web\/index.php\/wp-json\/wp\/v2\/media\/8798"}],"wp:attachment":[{"href":"https:\/\/diariorepublica.com.ar\/web\/index.php\/wp-json\/wp\/v2\/media?parent=8797"}],"wp:term":[{"taxonomy":"category","embeddable":true,"href":"https:\/\/diariorepublica.com.ar\/web\/index.php\/wp-json\/wp\/v2\/categories?post=8797"},{"taxonomy":"post_tag","embeddable":true,"href":"https:\/\/diariorepublica.com.ar\/web\/index.php\/wp-json\/wp\/v2\/tags?post=8797"}],"curies":[{"name":"wp","href":"https:\/\/api.w.org\/{rel}","templated":true}]}}