{"id":8800,"date":"2023-10-22T17:37:00","date_gmt":"2023-10-22T20:37:00","guid":{"rendered":"https:\/\/diariorepublica.com.ar\/web\/?p=8800"},"modified":"2023-10-22T18:39:17","modified_gmt":"2023-10-22T21:39:17","slug":"el-mensaje-de-lionel-messi-tras-terminar-la-temporada-en-inter-miami","status":"publish","type":"post","link":"https:\/\/diariorepublica.com.ar\/web\/index.php\/deportes\/2023\/10\/22\/el-mensaje-de-lionel-messi-tras-terminar-la-temporada-en-inter-miami\/","title":{"rendered":"El mensaje de Lionel Messi tras terminar la temporada en Inter Miami"},"content":{"rendered":"<article id=\"article-post\" class=\"first\">\n<div class=\"cuerpo\" data-twitter-link=\"https:\/\/twitter.com\/intent\/tweet?url=https:\/\/www.diariopopular.com.ar\/c749855&amp;via=poopulardiario&amp;related=Popular&amp;text=\">\n<p>La derrota del s\u00e1bado frente a Charlotte FC signific\u00f3 el final de la temporada para el\u00a0<strong>Inter Miami<\/strong>, que no logr\u00f3 acceder a los playoff de la\u00a0<strong>MLS<\/strong>\u00a0y es por eso que no volver\u00e1 a jugar oficialmente hasta el a\u00f1o que viene. Por eso,\u00a0<strong>Lionel Messi<\/strong>\u00a0-que fue titular- dej\u00f3 un mensaje en sus redes sociales a modo de balance.<strong> \u00abEstoy orgulloso\u00bb, asegur\u00f3 el 10.<\/strong><\/p>\n<\/div>\n<\/article>\n<article id=\"article-post\">\n<div class=\"cuerpo\" data-twitter-link=\"https:\/\/twitter.com\/intent\/tweet?url=https:\/\/www.diariopopular.com.ar\/c749855&amp;via=poopulardiario&amp;related=Popular&amp;text=\">\n<p>\u00abEstoy orgulloso de todo lo que el equipo logr\u00f3 esta temporada. Con el trabajo y el esfuerzo de todos,\u00a0<strong>fuimos capaces de ganar la Leagues Cup consiguiendo el primer t\u00edtulo en la historia del Inter Miami CF<\/strong>, llegamos a la final de la Lamar Hunt U.S. Open Cup y estuvimos incluso peleando por meternos en los Playoffs de la MLS pr\u00e1cticamente hasta el \u00faltimo momento\u00bb, destac\u00f3\u00a0<strong>Messi<\/strong>\u00a0en un posteo en su cuenta de Instagram.<\/p>\n<p><strong>\u00abNos quedamos con todo lo bueno y sobre todo con las ganas de mejorar para ser a\u00fan m\u00e1s competitivos el pr\u00f3ximo a\u00f1o.<\/strong>\u00a0Me gustar\u00eda agradecer a toda la gente del club y de la ciudad de Miami por el apoyo que nos dan siempre. Estoy seguro que seguiremos viviendo juntos momentos incre\u00edbles como ya ocurri\u00f3 en estos \u00faltimos meses. \u00a1Un abrazo para todos!\u00bb, agreg\u00f3 el capit\u00e1n de la Selecci\u00f3n Argentina.<\/p>\n<div id=\"embed39_wrap\" class=\"embed_cont type_freetext\" contenteditable=\"false\">\n<div id=\"embed39_content\" class=\"embed_content\">\n<div id=\"embed39_embed\"><iframe id=\"instagram-embed-0\" class=\"instagram-media instagram-media-rendered\" src=\"https:\/\/www.instagram.com\/p\/Cytca2-tic9\/embed\/captioned\/?cr=1&amp;v=14&amp;wp=540&amp;rd=https%3A%2F%2Fwww.diariopopular.com.ar&amp;rp=%2Ffutbol%2Fel-mensaje-lionel-messi-terminar-la-temporada-inter-miami-n749855#%7B%22ci%22%3A0%2C%22os%22%3A3194.600000000093%2C%22ls%22%3A243%2C%22le%22%3A3019.7000000001863%7D\" height=\"1050\" frameborder=\"0\" scrolling=\"no\" allowfullscreen=\"allowfullscreen\" data-instgrm-payload-id=\"instagram-media-payload-0\" data-gtm-yt-inspected-11=\"true\" data-mce-fragment=\"1\"><\/iframe><\/div>\n<\/div>\n<div id=\"embed39_epigrafe\" class=\"embed_epigrafe\"><\/div>\n<div id=\"embed39_copyright\" class=\"embed_copyright\"><\/div>\n<\/div>\n<p>Desde su llegada al club a mitad de a\u00f1o,\u00a0<strong>Messi disput\u00f3 14 partidos en los que convirti\u00f3 11 goles y dio cinco asistencias<\/strong>. Con su presencia, sumada a los arribos de Gerardo Martino como DT y otros refuerzos como Jordi Alba, Sergio Busquets, Facundo Far\u00edas y Tom\u00e1s Avil\u00e9s, Inter Miami lograron remontar un comienzo p\u00e9simo de temporada.<\/p>\n<p>De todos modos, no le alcanz\u00f3 para meterse entre los primeros ocho de la Conferencia Este y clasificar as\u00ed a los playoff de la MLS.\u00a0<strong>Finaliz\u00f3 pen\u00faltimo con 34 puntos<\/strong>, solo por delante de Toronto, y nueve puntos por debajo de Charlotte, quien se qued\u00f3 con el \u00faltimo cupo a la postemporada.<\/p>\n<p>Sin embargo,<strong>\u00a0las Garzas conquistaron el primer t\u00edtulo de su breve historia, al consagrarse en la Leagues Cup con un decisivo Messi<\/strong>, que en la final marc\u00f3 el gol de su equipo, y convirti\u00f3 el penal de la serie que tras el 1-1 en los 90&#8242; se inclin\u00f3 hacia el equipo rosa por 10 a 9. El rosarino no pudo repetir en la final de la US Open Cup: se perdi\u00f3 el partido por lesi\u00f3n e Inter Miami cay\u00f3 por 2 a 1 frente a Houston Dynamo.<\/p>\n<p>Ya sin competencia en Estados Unidos,\u00a0<strong>Messi podr\u00e1 abocarse de lleno a la Selecci\u00f3n Argentina, que en noviembre tendr\u00e1 la \u00faltima doble fecha de Eliminatorias Sudamericanas del a\u00f1o<\/strong>, ante Uruguay de local y Brasil de visitante. Luego de eso, tendr\u00e1 vacaciones hasta que Inter comience la pretemporada.<\/p>\n<\/div>\n<\/article>\n","protected":false},"excerpt":{"rendered":"<p>La derrota del s\u00e1bado frente a Charlotte FC signific\u00f3 el final de la temporada para el\u00a0Inter Miami, que no logr\u00f3<\/p>\n","protected":false},"author":1,"featured_media":8801,"comment_status":"closed","ping_status":"closed","sticky":false,"template":"","format":"standard","meta":{"footnotes":"","jetpack_publicize_message":"","jetpack_publicize_feature_enabled":true,"jetpack_social_post_already_shared":true,"jetpack_social_options":{"image_generator_settings":{"template":"highway","enabled":false},"version":2}},"categories":[9],"tags":[],"class_list":["post-8800","post","type-post","status-publish","format-standard","has-post-thumbnail","hentry","category-deportes"],"jetpack_publicize_connections":[],"_links":{"self":[{"href":"https:\/\/diariorepublica.com.ar\/web\/index.php\/wp-json\/wp\/v2\/posts\/8800"}],"collection":[{"href":"https:\/\/diariorepublica.com.ar\/web\/index.php\/wp-json\/wp\/v2\/posts"}],"about":[{"href":"https:\/\/diariorepublica.com.ar\/web\/index.php\/wp-json\/wp\/v2\/types\/post"}],"author":[{"embeddable":true,"href":"https:\/\/diariorepublica.com.ar\/web\/index.php\/wp-json\/wp\/v2\/users\/1"}],"replies":[{"embeddable":true,"href":"https:\/\/diariorepublica.com.ar\/web\/index.php\/wp-json\/wp\/v2\/comments?post=8800"}],"version-history":[{"count":1,"href":"https:\/\/diariorepublica.com.ar\/web\/index.php\/wp-json\/wp\/v2\/posts\/8800\/revisions"}],"predecessor-version":[{"id":8802,"href":"https:\/\/diariorepublica.com.ar\/web\/index.php\/wp-json\/wp\/v2\/posts\/8800\/revisions\/8802"}],"wp:featuredmedia":[{"embeddable":true,"href":"https:\/\/diariorepublica.com.ar\/web\/index.php\/wp-json\/wp\/v2\/media\/8801"}],"wp:attachment":[{"href":"https:\/\/diariorepublica.com.ar\/web\/index.php\/wp-json\/wp\/v2\/media?parent=8800"}],"wp:term":[{"taxonomy":"category","embeddable":true,"href":"https:\/\/diariorepublica.com.ar\/web\/index.php\/wp-json\/wp\/v2\/categories?post=8800"},{"taxonomy":"post_tag","embeddable":true,"href":"https:\/\/diariorepublica.com.ar\/web\/index.php\/wp-json\/wp\/v2\/tags?post=8800"}],"curies":[{"name":"wp","href":"https:\/\/api.w.org\/{rel}","templated":true}]}}