{"id":8813,"date":"2023-10-22T21:27:15","date_gmt":"2023-10-23T00:27:15","guid":{"rendered":"https:\/\/diariorepublica.com.ar\/web\/?p=8813"},"modified":"2023-10-22T21:27:16","modified_gmt":"2023-10-23T00:27:16","slug":"elecciones-2023-habra-balotaje-entre-sergio-massa-y-javier-milei","status":"publish","type":"post","link":"https:\/\/diariorepublica.com.ar\/web\/index.php\/politica\/2023\/10\/22\/elecciones-2023-habra-balotaje-entre-sergio-massa-y-javier-milei\/","title":{"rendered":"Elecciones 2023: habr\u00e1 balotaje entre Sergio Massa y Javier Milei\u00a0"},"content":{"rendered":"<p class=\"paragraph\">Pasadas las 21.15 se conocieron los primeros resultados de las elecciones, que tienen a<b>\u00a0Sergio Massa como ganador con el 35,9% de los votos.\u00a0<\/b>Segundo qued\u00f3 Javier Milei con el 30,5%. El balotaje ser\u00e1 el pr\u00f3ximo 19 de noviembre, en tanto que el 12 del mismo mes ser\u00e1 el debate entre ambos candidatos.<\/p>\n<div id=\"ad-slot-infeed\" class=\"infeed-container\"><\/div>\n<p class=\"paragraph\"><b>Javier Milei<\/b><b>\u00a0(La Libertad Avanza),\u00a0<\/b><b>Sergio Massa<\/b><b>\u00a0(Uni\u00f3n por la Patria),\u00a0<\/b><b>Patricia Bullrich<\/b><b>\u00a0(Juntos por el Cambio), Myriam Bregman<\/b>\u00a0(Frente de Izquierda) y\u00a0<b>Juan Schiaretti\u00a0<\/b>(Hacemos por Nuestro pa\u00eds) son los candidatos que participan de las elecciones presidenciales.<\/p>\n","protected":false},"excerpt":{"rendered":"<p>Pasadas las 21.15 se conocieron los primeros resultados de las elecciones, que tienen a\u00a0Sergio Massa como ganador con el 35,9%<\/p>\n","protected":false},"author":1,"featured_media":8814,"comment_status":"closed","ping_status":"closed","sticky":false,"template":"","format":"standard","meta":{"footnotes":"","jetpack_publicize_message":"","jetpack_publicize_feature_enabled":true,"jetpack_social_post_already_shared":true,"jetpack_social_options":{"image_generator_settings":{"template":"highway","enabled":false},"version":2}},"categories":[12],"tags":[],"class_list":["post-8813","post","type-post","status-publish","format-standard","has-post-thumbnail","hentry","category-politica"],"jetpack_publicize_connections":[],"_links":{"self":[{"href":"https:\/\/diariorepublica.com.ar\/web\/index.php\/wp-json\/wp\/v2\/posts\/8813"}],"collection":[{"href":"https:\/\/diariorepublica.com.ar\/web\/index.php\/wp-json\/wp\/v2\/posts"}],"about":[{"href":"https:\/\/diariorepublica.com.ar\/web\/index.php\/wp-json\/wp\/v2\/types\/post"}],"author":[{"embeddable":true,"href":"https:\/\/diariorepublica.com.ar\/web\/index.php\/wp-json\/wp\/v2\/users\/1"}],"replies":[{"embeddable":true,"href":"https:\/\/diariorepublica.com.ar\/web\/index.php\/wp-json\/wp\/v2\/comments?post=8813"}],"version-history":[{"count":1,"href":"https:\/\/diariorepublica.com.ar\/web\/index.php\/wp-json\/wp\/v2\/posts\/8813\/revisions"}],"predecessor-version":[{"id":8815,"href":"https:\/\/diariorepublica.com.ar\/web\/index.php\/wp-json\/wp\/v2\/posts\/8813\/revisions\/8815"}],"wp:featuredmedia":[{"embeddable":true,"href":"https:\/\/diariorepublica.com.ar\/web\/index.php\/wp-json\/wp\/v2\/media\/8814"}],"wp:attachment":[{"href":"https:\/\/diariorepublica.com.ar\/web\/index.php\/wp-json\/wp\/v2\/media?parent=8813"}],"wp:term":[{"taxonomy":"category","embeddable":true,"href":"https:\/\/diariorepublica.com.ar\/web\/index.php\/wp-json\/wp\/v2\/categories?post=8813"},{"taxonomy":"post_tag","embeddable":true,"href":"https:\/\/diariorepublica.com.ar\/web\/index.php\/wp-json\/wp\/v2\/tags?post=8813"}],"curies":[{"name":"wp","href":"https:\/\/api.w.org\/{rel}","templated":true}]}}