{"id":8822,"date":"2023-10-23T10:56:37","date_gmt":"2023-10-23T13:56:37","guid":{"rendered":"https:\/\/diariorepublica.com.ar\/web\/?p=8822"},"modified":"2023-10-23T10:56:38","modified_gmt":"2023-10-23T13:56:38","slug":"fuerte-cambio-en-el-mapa-nacional-massa-se-impuso-en-13-provincias-y-milei-en-10","status":"publish","type":"post","link":"https:\/\/diariorepublica.com.ar\/web\/index.php\/politica\/2023\/10\/23\/fuerte-cambio-en-el-mapa-nacional-massa-se-impuso-en-13-provincias-y-milei-en-10\/","title":{"rendered":"Fuerte cambio en el mapa nacional: Massa se impuso en 13 provincias y Milei, en 10"},"content":{"rendered":"<p>La mejora de la performance del candidato presidencial de Uni\u00f3n por la Patria,\u00a0<strong>Sergio Massa<\/strong>, qued\u00f3 en evidencia con<strong>\u00a0el incremento de provincias en las que se impuso con respecto a las PASO de agosto ya que pas\u00f3 de cinco a 13<\/strong>, mientras que el de La Libertad Avanza,\u00a0<strong>Javier Milei, baj\u00f3 de 16 a diez y Juntos por el Cambio cay\u00f3 de victorias en tres distritos a s\u00f3lo en uno.<\/strong><\/p>\n<p><strong>Massa<\/strong>\u00a0logr\u00f3 pintar de celeste las cinco provincias que hab\u00eda ganado en las PASO, Buenos Aires, Santiago del Estero, Catamarca, Chaco y Formosa, mientras que\u00a0<strong>sum\u00f3 triunfos en otras ocho: Tucum\u00e1n, La Rioja, Corrientes, Entre R\u00edos, La Pampa, R\u00edo Negro, Santa Cruz y Tierra del Fuego.<\/strong><\/p>\n<p>Por su parte,\u00a0<strong>Milei pint\u00f3 de violeta C\u00f3rdoba; Santa Fe; Mendoza; Misiones; Jujuy; Salta; San Juan; San Luis; Neuqu\u00e9n y Chubut<\/strong>. En esas diez provincias ya hab\u00eda triunfado en las PASO.<\/p>\n<p>Pero\u00a0<strong>el libertario no s\u00f3lo no logr\u00f3 sumar ning\u00fan distrito este domingo, sino que adem\u00e1s no retuvo seis provincias en las que hab\u00eda sido el m\u00e1s votado<\/strong>, las cuales se las arrebat\u00f3 Massa, que fueron Tucum\u00e1n, la Rioja, La Pampa, R\u00edo Negro, Santa Cruz y Tierra del Fuego. En todas ellas Milei pas\u00f3 de primero a segundo y Patricia Bullrich qued\u00f3 tercera.<\/p>\n<p>En tanto,\u00a0<strong>Juntos por el Cambio<\/strong>, en la suma de Bullrich con Horacio Rodr\u00edguez Larreta, se hab\u00eda impuesto en las PASO en tres distritos, pero\u00a0<strong>este domingo retuvo s\u00f3lo uno, la Ciudad de Buenos Aires, ya que Entre R\u00edos y Corrientes dejaron el color amarillo y pasaron al celeste de Uni\u00f3n por la Patria.<\/strong><\/p>\n<p>Otro dato que dej\u00f3 el mapa de las provincias fue que en las que Milei logr\u00f3 volver a ganar, en la mayor\u00eda de ellas lo hizo por un margen m\u00e1s estrecho frente a Massa en comparaci\u00f3n a las PASO.<\/p>\n<p>Fuente: NA<\/p>\n<p>Imagen: https:\/\/www.jujuyalmomento.com\/<\/p>\n","protected":false},"excerpt":{"rendered":"<p>La mejora de la performance del candidato presidencial de Uni\u00f3n por la Patria,\u00a0Sergio Massa, qued\u00f3 en evidencia con\u00a0el incremento de<\/p>\n","protected":false},"author":1,"featured_media":8823,"comment_status":"closed","ping_status":"closed","sticky":false,"template":"","format":"standard","meta":{"footnotes":"","jetpack_publicize_message":"","jetpack_publicize_feature_enabled":true,"jetpack_social_post_already_shared":true,"jetpack_social_options":{"image_generator_settings":{"template":"highway","enabled":false},"version":2}},"categories":[12],"tags":[],"class_list":["post-8822","post","type-post","status-publish","format-standard","has-post-thumbnail","hentry","category-politica"],"jetpack_publicize_connections":[],"_links":{"self":[{"href":"https:\/\/diariorepublica.com.ar\/web\/index.php\/wp-json\/wp\/v2\/posts\/8822"}],"collection":[{"href":"https:\/\/diariorepublica.com.ar\/web\/index.php\/wp-json\/wp\/v2\/posts"}],"about":[{"href":"https:\/\/diariorepublica.com.ar\/web\/index.php\/wp-json\/wp\/v2\/types\/post"}],"author":[{"embeddable":true,"href":"https:\/\/diariorepublica.com.ar\/web\/index.php\/wp-json\/wp\/v2\/users\/1"}],"replies":[{"embeddable":true,"href":"https:\/\/diariorepublica.com.ar\/web\/index.php\/wp-json\/wp\/v2\/comments?post=8822"}],"version-history":[{"count":1,"href":"https:\/\/diariorepublica.com.ar\/web\/index.php\/wp-json\/wp\/v2\/posts\/8822\/revisions"}],"predecessor-version":[{"id":8824,"href":"https:\/\/diariorepublica.com.ar\/web\/index.php\/wp-json\/wp\/v2\/posts\/8822\/revisions\/8824"}],"wp:featuredmedia":[{"embeddable":true,"href":"https:\/\/diariorepublica.com.ar\/web\/index.php\/wp-json\/wp\/v2\/media\/8823"}],"wp:attachment":[{"href":"https:\/\/diariorepublica.com.ar\/web\/index.php\/wp-json\/wp\/v2\/media?parent=8822"}],"wp:term":[{"taxonomy":"category","embeddable":true,"href":"https:\/\/diariorepublica.com.ar\/web\/index.php\/wp-json\/wp\/v2\/categories?post=8822"},{"taxonomy":"post_tag","embeddable":true,"href":"https:\/\/diariorepublica.com.ar\/web\/index.php\/wp-json\/wp\/v2\/tags?post=8822"}],"curies":[{"name":"wp","href":"https:\/\/api.w.org\/{rel}","templated":true}]}}