{"id":886,"date":"2023-04-03T09:04:33","date_gmt":"2023-04-03T12:04:33","guid":{"rendered":"https:\/\/diariorepublica.com.ar\/web\/?p=886"},"modified":"2023-04-03T09:04:34","modified_gmt":"2023-04-03T12:04:34","slug":"gustavo-aguirre-lanzo-una-nueva-linea-interna-en-el-oficialismo","status":"publish","type":"post","link":"https:\/\/diariorepublica.com.ar\/web\/index.php\/politica\/2023\/04\/03\/gustavo-aguirre-lanzo-una-nueva-linea-interna-en-el-oficialismo\/","title":{"rendered":"Gustavo Aguirre lanz\u00f3 una nueva linea interna en el oficialismo"},"content":{"rendered":"<p>Dirigentes, funcionarios y militantes del Frente de Todos (FdT) y de otros espacios pol\u00edticos participaron ayer en el predio de la Caja Forense, del Colegio de Abogados, del Primer Plenario del nuevo espacio pol\u00edtico que integra la Red Encuentro para el Desarrollo, en el cual se consensu\u00f3 un documento con los principales temas expuestos en las comisiones, que apunt\u00f3 principalmente a debatir ideas, analizar la realidad actual, en un marco de pluralismo y diversidad, pensando en buscar soluciones a las distintas problem\u00e1ticas del presente.<\/p>\n<p>\u201cSi el peronismo quiere seguir vigente, si quiere seguir representando los intereses de las mayor\u00edas populares, de la clase media, de las nuevas generaciones, tiene que asumir el desaf\u00edo de construir la agenda del futuro para garantizar los grandes cambios que necesita y exige la sociedad\u201d, subray\u00f3 Gustavo Aguirre, principal referente del sector.<\/p>\n","protected":false},"excerpt":{"rendered":"<p>Dirigentes, funcionarios y militantes del Frente de Todos (FdT) y de otros espacios pol\u00edticos participaron ayer en el predio de<\/p>\n","protected":false},"author":2,"featured_media":887,"comment_status":"closed","ping_status":"closed","sticky":false,"template":"","format":"standard","meta":{"footnotes":"","jetpack_publicize_message":"","jetpack_publicize_feature_enabled":true,"jetpack_social_post_already_shared":false,"jetpack_social_options":{"image_generator_settings":{"template":"highway","enabled":false},"version":2}},"categories":[12],"tags":[],"class_list":["post-886","post","type-post","status-publish","format-standard","has-post-thumbnail","hentry","category-politica"],"jetpack_publicize_connections":[],"_links":{"self":[{"href":"https:\/\/diariorepublica.com.ar\/web\/index.php\/wp-json\/wp\/v2\/posts\/886"}],"collection":[{"href":"https:\/\/diariorepublica.com.ar\/web\/index.php\/wp-json\/wp\/v2\/posts"}],"about":[{"href":"https:\/\/diariorepublica.com.ar\/web\/index.php\/wp-json\/wp\/v2\/types\/post"}],"author":[{"embeddable":true,"href":"https:\/\/diariorepublica.com.ar\/web\/index.php\/wp-json\/wp\/v2\/users\/2"}],"replies":[{"embeddable":true,"href":"https:\/\/diariorepublica.com.ar\/web\/index.php\/wp-json\/wp\/v2\/comments?post=886"}],"version-history":[{"count":1,"href":"https:\/\/diariorepublica.com.ar\/web\/index.php\/wp-json\/wp\/v2\/posts\/886\/revisions"}],"predecessor-version":[{"id":888,"href":"https:\/\/diariorepublica.com.ar\/web\/index.php\/wp-json\/wp\/v2\/posts\/886\/revisions\/888"}],"wp:featuredmedia":[{"embeddable":true,"href":"https:\/\/diariorepublica.com.ar\/web\/index.php\/wp-json\/wp\/v2\/media\/887"}],"wp:attachment":[{"href":"https:\/\/diariorepublica.com.ar\/web\/index.php\/wp-json\/wp\/v2\/media?parent=886"}],"wp:term":[{"taxonomy":"category","embeddable":true,"href":"https:\/\/diariorepublica.com.ar\/web\/index.php\/wp-json\/wp\/v2\/categories?post=886"},{"taxonomy":"post_tag","embeddable":true,"href":"https:\/\/diariorepublica.com.ar\/web\/index.php\/wp-json\/wp\/v2\/tags?post=886"}],"curies":[{"name":"wp","href":"https:\/\/api.w.org\/{rel}","templated":true}]}}