{"id":8861,"date":"2023-10-24T11:13:40","date_gmt":"2023-10-24T14:13:40","guid":{"rendered":"https:\/\/diariorepublica.com.ar\/web\/?p=8861"},"modified":"2023-10-24T11:13:43","modified_gmt":"2023-10-24T14:13:43","slug":"anmat-prohibio-una-miel-que-se-vendia-en-botella-de-vino-por-considerarla-ilegal","status":"publish","type":"post","link":"https:\/\/diariorepublica.com.ar\/web\/index.php\/sociedad\/2023\/10\/24\/anmat-prohibio-una-miel-que-se-vendia-en-botella-de-vino-por-considerarla-ilegal\/","title":{"rendered":"ANMAT prohibi\u00f3 una miel que se vend\u00eda en botella de vino por considerarla \u00abilegal\u00bb"},"content":{"rendered":"<article class=\"article-body article-body--first-paragraph content-protected-false\" data-td-script-src=\"https:\/\/www.ambito.com\/td\/modulos\/encuestas\/js\/function-embeds-min-version-1660312110.js\">La\u00a0<strong>Administraci\u00f3n Nacional de Medicamentos, Alimentos y Tecnolog\u00eda M\u00e9dica (ANMAT)\u00a0<\/strong>prohibi\u00f3 una marca de miel en todo el pa\u00eds, porque no cumpl\u00eda con los requisitos necesarios para su\u00a0<strong>elaboraci\u00f3n<\/strong>\u00a0y<strong>\u00a0posterior comercializaci\u00f3n<\/strong>, y fueron considerados \u00abilegales\u00bb.<\/p>\n<\/article>\n<article class=\"article-body article-body--second-paragraph content-protected-false\">La<strong>\u00a0disposici\u00f3n 8806\/2023<\/strong>\u00a0fue publicada hoy en el<strong>\u00a0Bolet\u00edn Oficial\u00a0<\/strong>y establece: \u00abEl\u00a0<strong>producto<\/strong>\u00a0se hallaba en infracci\u00f3n al art\u00edculo 3\u00b0 de la Ley 18284, al art\u00edculo 3\u00b0 del Anexo II del Decreto N\u00ba 2126\/71, los art\u00edculos 13 y 155 del\u00a0<strong>C\u00f3digo Alimentario Argentino (CAA)<\/strong>\u00ab.<\/p>\n<p>Por lo que, el\u00a0<strong>organismo nacional<\/strong>\u00a0decidi\u00f3 \u00abprohibir la\u00a0<strong>elaboraci\u00f3n, fraccionamiento<\/strong>\u00a0y\u00a0<strong>comercializaci\u00f3n<\/strong>\u00a0en todo el territorio nacional de los productos, por carecer de registro de establecimiento y de producto, resultando ser en consecuencia<strong>\u00a0productos ilegales<\/strong>\u201d.<\/p>\n<article class=\"article-body article-body--fourth-paragraph content-protected-false\">El\u00a0<strong>producto en cuesti\u00f3n\u00a0<\/strong>es originario de la provincia de\u00a0<strong>Chaco.<\/strong>\u00a0Se trata de una miel de la marca \u201c<strong>El Zapallar<\/strong>\u201d, que luego fue renombrada como \u201c<strong>El ni\u00f1o de cobre<\/strong>\u201d, que se presentaba en una botella de vino. La\u00a0<strong>ANMAT<\/strong>\u00a0prohibi\u00f3 ambos con la leyenda \u201c<strong>De la colmena directo a tu mesa<\/strong>\u201d, Chaco, Argentina\u201d; en cualquier presentaci\u00f3n, lote y fecha de vencimiento.<\/p>\n<\/article>\n<article class=\"article-body article-body--remaining-paragraph content-protected-false\">La investigaci\u00f3n inici\u00f3 por una notificaci\u00f3n proveniente de la\u00a0<strong>Direcci\u00f3n de Bromatolog\u00eda<\/strong>\u00a0de la provincia ante la sospecha de un \u201c<strong>incidente<\/strong>\u00a0<strong>alimentario<\/strong>\u201d.<\/p>\n<p class=\"com-paragraph   --s\">Durante la inspecci\u00f3n, el due\u00f1o del comercio explic\u00f3 que las mieles las hab\u00eda adquirido en el establecimiento\u00a0<strong>Ap\u00edcola \u201cDon Ramiro\u201d de Alvaro Ramiro Wainer,\u00a0<\/strong>quien admiti\u00f3 que \u00e9l envasaba el producto en su propia casa y que la miel proven\u00eda de una cooperativa en la ciudad.<\/p>\n<\/article>\n<\/article>\n","protected":false},"excerpt":{"rendered":"<p>La\u00a0Administraci\u00f3n Nacional de Medicamentos, Alimentos y Tecnolog\u00eda M\u00e9dica (ANMAT)\u00a0prohibi\u00f3 una marca de miel en todo el pa\u00eds, porque no cumpl\u00eda<\/p>\n","protected":false},"author":1,"featured_media":8862,"comment_status":"closed","ping_status":"closed","sticky":false,"template":"","format":"standard","meta":{"footnotes":"","jetpack_publicize_message":"","jetpack_publicize_feature_enabled":true,"jetpack_social_post_already_shared":true,"jetpack_social_options":{"image_generator_settings":{"template":"highway","enabled":false},"version":2}},"categories":[3],"tags":[],"class_list":["post-8861","post","type-post","status-publish","format-standard","has-post-thumbnail","hentry","category-sociedad"],"jetpack_publicize_connections":[],"_links":{"self":[{"href":"https:\/\/diariorepublica.com.ar\/web\/index.php\/wp-json\/wp\/v2\/posts\/8861"}],"collection":[{"href":"https:\/\/diariorepublica.com.ar\/web\/index.php\/wp-json\/wp\/v2\/posts"}],"about":[{"href":"https:\/\/diariorepublica.com.ar\/web\/index.php\/wp-json\/wp\/v2\/types\/post"}],"author":[{"embeddable":true,"href":"https:\/\/diariorepublica.com.ar\/web\/index.php\/wp-json\/wp\/v2\/users\/1"}],"replies":[{"embeddable":true,"href":"https:\/\/diariorepublica.com.ar\/web\/index.php\/wp-json\/wp\/v2\/comments?post=8861"}],"version-history":[{"count":1,"href":"https:\/\/diariorepublica.com.ar\/web\/index.php\/wp-json\/wp\/v2\/posts\/8861\/revisions"}],"predecessor-version":[{"id":8863,"href":"https:\/\/diariorepublica.com.ar\/web\/index.php\/wp-json\/wp\/v2\/posts\/8861\/revisions\/8863"}],"wp:featuredmedia":[{"embeddable":true,"href":"https:\/\/diariorepublica.com.ar\/web\/index.php\/wp-json\/wp\/v2\/media\/8862"}],"wp:attachment":[{"href":"https:\/\/diariorepublica.com.ar\/web\/index.php\/wp-json\/wp\/v2\/media?parent=8861"}],"wp:term":[{"taxonomy":"category","embeddable":true,"href":"https:\/\/diariorepublica.com.ar\/web\/index.php\/wp-json\/wp\/v2\/categories?post=8861"},{"taxonomy":"post_tag","embeddable":true,"href":"https:\/\/diariorepublica.com.ar\/web\/index.php\/wp-json\/wp\/v2\/tags?post=8861"}],"curies":[{"name":"wp","href":"https:\/\/api.w.org\/{rel}","templated":true}]}}