{"id":8864,"date":"2023-10-24T11:15:25","date_gmt":"2023-10-24T14:15:25","guid":{"rendered":"https:\/\/diariorepublica.com.ar\/web\/?p=8864"},"modified":"2023-10-24T11:15:27","modified_gmt":"2023-10-24T14:15:27","slug":"murio-ricardo-iorio","status":"publish","type":"post","link":"https:\/\/diariorepublica.com.ar\/web\/index.php\/espectaculos\/2023\/10\/24\/murio-ricardo-iorio\/","title":{"rendered":"Muri\u00f3 Ricardo Iorio"},"content":{"rendered":"<article class=\"article-body article-body--first-paragraph content-protected-false\" data-td-script-src=\"https:\/\/www.ambito.com\/td\/modulos\/encuestas\/js\/function-embeds-min-version-1660312092.js\">A los 61 a\u00f1os,\u00a0muri\u00f3 el reconocido m\u00fasico\u00a0<strong>Ricardo Iorio<\/strong>. Seg\u00fan confirm\u00f3 su abogado<strong>\u00a0Juan Vitalini<\/strong>, la emblem\u00e1tica figura del heavy metal nacional falleci\u00f3 a causa de un infarto, camino al Hospital de Coronel Su\u00e1rez.<\/p>\n<\/article>\n<article class=\"article-body article-body--second-paragraph content-protected-false\">Iorio comenz\u00f3 su carrera musical como bajista de<strong>\u00a0V8<\/strong>, grupo que fund\u00f3 con\u00a0<strong>Ricardo \u00abChofa\u00bb Moreno<\/strong>. Luego de publicar tres \u00e1lbumes y de algunos cambios de integrantes, se separaron en 1987. En 1988 form\u00f3<strong>\u00a0Herm\u00e9tica<\/strong>, en donde adem\u00e1s de ser el bajista, pas\u00f3 a ser el principal compositor musical y exclusivo compositor de las letras, adem\u00e1s de cantar en forma ocasional. Luego del auge de la banda en 1994, \u00e9sta se separa. A principios de 1995 form\u00f3\u00a0<strong>Almafuerte<\/strong>, en donde se estableci\u00f3 como cantante y bajista. Abandonar\u00eda el bajo en el 2002 y en el a\u00f1o 2016 anuncia la disoluci\u00f3n de la banda.<\/p>\n<\/article>\n","protected":false},"excerpt":{"rendered":"<p>A los 61 a\u00f1os,\u00a0muri\u00f3 el reconocido m\u00fasico\u00a0Ricardo Iorio. Seg\u00fan confirm\u00f3 su abogado\u00a0Juan Vitalini, la emblem\u00e1tica figura del heavy metal nacional<\/p>\n","protected":false},"author":1,"featured_media":8865,"comment_status":"closed","ping_status":"closed","sticky":false,"template":"","format":"standard","meta":{"footnotes":"","jetpack_publicize_message":"","jetpack_publicize_feature_enabled":true,"jetpack_social_post_already_shared":true,"jetpack_social_options":{"image_generator_settings":{"template":"highway","enabled":false},"version":2}},"categories":[7],"tags":[],"class_list":["post-8864","post","type-post","status-publish","format-standard","has-post-thumbnail","hentry","category-espectaculos"],"jetpack_publicize_connections":[],"_links":{"self":[{"href":"https:\/\/diariorepublica.com.ar\/web\/index.php\/wp-json\/wp\/v2\/posts\/8864"}],"collection":[{"href":"https:\/\/diariorepublica.com.ar\/web\/index.php\/wp-json\/wp\/v2\/posts"}],"about":[{"href":"https:\/\/diariorepublica.com.ar\/web\/index.php\/wp-json\/wp\/v2\/types\/post"}],"author":[{"embeddable":true,"href":"https:\/\/diariorepublica.com.ar\/web\/index.php\/wp-json\/wp\/v2\/users\/1"}],"replies":[{"embeddable":true,"href":"https:\/\/diariorepublica.com.ar\/web\/index.php\/wp-json\/wp\/v2\/comments?post=8864"}],"version-history":[{"count":1,"href":"https:\/\/diariorepublica.com.ar\/web\/index.php\/wp-json\/wp\/v2\/posts\/8864\/revisions"}],"predecessor-version":[{"id":8866,"href":"https:\/\/diariorepublica.com.ar\/web\/index.php\/wp-json\/wp\/v2\/posts\/8864\/revisions\/8866"}],"wp:featuredmedia":[{"embeddable":true,"href":"https:\/\/diariorepublica.com.ar\/web\/index.php\/wp-json\/wp\/v2\/media\/8865"}],"wp:attachment":[{"href":"https:\/\/diariorepublica.com.ar\/web\/index.php\/wp-json\/wp\/v2\/media?parent=8864"}],"wp:term":[{"taxonomy":"category","embeddable":true,"href":"https:\/\/diariorepublica.com.ar\/web\/index.php\/wp-json\/wp\/v2\/categories?post=8864"},{"taxonomy":"post_tag","embeddable":true,"href":"https:\/\/diariorepublica.com.ar\/web\/index.php\/wp-json\/wp\/v2\/tags?post=8864"}],"curies":[{"name":"wp","href":"https:\/\/api.w.org\/{rel}","templated":true}]}}