{"id":8870,"date":"2023-10-24T11:20:09","date_gmt":"2023-10-24T14:20:09","guid":{"rendered":"https:\/\/diariorepublica.com.ar\/web\/?p=8870"},"modified":"2023-10-24T11:20:10","modified_gmt":"2023-10-24T14:20:10","slug":"cambio-climatico-la-mitad-de-los-argentinos-cree-que-aun-se-puede-frenar","status":"publish","type":"post","link":"https:\/\/diariorepublica.com.ar\/web\/index.php\/sociedad\/2023\/10\/24\/cambio-climatico-la-mitad-de-los-argentinos-cree-que-aun-se-puede-frenar\/","title":{"rendered":"Cambio clim\u00e1tico: la mitad de los argentinos cree que a\u00fan se puede frenar"},"content":{"rendered":"<article id=\"article-post\" class=\"first\">\n<div class=\"cuerpo\" data-twitter-link=\"https:\/\/twitter.com\/intent\/tweet?url=https:\/\/www.diariopopular.com.ar\/c750206&amp;via=poopulardiario&amp;related=Popular&amp;text=\">\n<p>En el D\u00eda Internacional contra el Cambio Clim\u00e1tico, la Encuesta Mundial Anual WIN 2022 realizada en 36 pa\u00edses demostr\u00f3 que el 50% de las personas en Argentina considera que hay tiempo para frenar el cambio clim\u00e1tico, mientras que el 45% opin\u00f3 que es demasiado tarde.<\/p>\n<\/div>\n<\/article>\n<article id=\"article-post\">\n<div class=\"cuerpo\" data-twitter-link=\"https:\/\/twitter.com\/intent\/tweet?url=https:\/\/www.diariopopular.com.ar\/c750206&amp;via=poopulardiario&amp;related=Popular&amp;text=\">\n<p>El sondeo global mostr\u00f3 que, al comparar los datos con la medici\u00f3n anterior en el pa\u00eds, el optimismo creci\u00f3 del 45% en 2021 al 50% en 2022. Para poder obtener estos resultados, la encuesta explor\u00f3 las opiniones y creencias de 29.739 individuos, se indic\u00f3 en el informe.<\/p>\n<p>Aunque el 50% de los argentinos cree que todav\u00eda se puede frenear el cambio, los an\u00e1lisis de las opiniones de los pa\u00edses de la regi\u00f3n como Brasil, M\u00e9xico y Paraguay, se destacaron por tener una mayor\u00eda que manifiesta que todav\u00eda hay tiempo para combatir el cambio clim\u00e1tico (62%).<\/p>\n<p>El 85% de Argentina asegur\u00f3 que el calentamiento global es una seria amenaza para la humanidad, dato que marc\u00f3 una tendencia a la baja: esta opini\u00f3n descendi\u00f3 5 puntos porcentuales desde las mediciones de 2021 y 2020.<\/p>\n<p>En Chile el 84%; en M\u00e9xico, 93%; en Ecuador 89% y en Brasil, Per\u00fa y Paraguay (88%), presentan niveles m\u00e1s altos de preocupaci\u00f3n acerca de este problema medioambiental.<\/p>\n<p>A nivel global, el 83% de la mayor\u00eda de todos los pa\u00edses opin\u00f3 que est\u00e1 de acuerdo en considerar al calentamiento global como una grave amenaza para la humanidad, aunque este porcentaje disminuy\u00f3 3 puntos con respecto a 2021 (86%) y a 2020 (85%).<\/p>\n<p>Es importante resaltar que \u00c1frica y Am\u00e9rica son las regiones del mundo donde los ciudadanos creen en mayor medida que a\u00fan se puede hacer algo para frenar el cambio clim\u00e1tico (60% y el 54%, respectivamente), mientras que los ciudadanos de Medio Oriente son los m\u00e1s pesimistas (s\u00f3lo el 41% cree que a\u00fan no es demasiado tarde).<\/p>\n<p>Ante la consulta sobre el accionar de los gobiernos, el 55% de los encuestados a nivel global dijo que no est\u00e1n tomando las medidas necesarias para cuidar el medioambiente, un porcentaje superior al de 2021, que fue del 51%.<\/p>\n<p>En el caso de Argentina, la cr\u00edtica es algo superior en comparaci\u00f3n con el promedio global (59% vs 55%), pero menor que la media regional (62%): Paraguay y Per\u00fa, por ejemplo, se destacan por tener posturas que cuestionan significativamente m\u00e1s a los gobiernos (80% y 70%).<\/p>\n<p>A su vez, el 62% de los encuestados de la regi\u00f3n de Asia Pac\u00edfico considera que su gobierno est\u00e1 tomando las medidas necesarias para cuidar el medioambiente, a diferencia del resto del mundo.<\/p>\n<p><em><sup>FUENTE: T\u00e9lam.<\/sup><\/em><\/p>\n<\/div>\n<\/article>\n","protected":false},"excerpt":{"rendered":"<p>En el D\u00eda Internacional contra el Cambio Clim\u00e1tico, la Encuesta Mundial Anual WIN 2022 realizada en 36 pa\u00edses demostr\u00f3 que<\/p>\n","protected":false},"author":1,"featured_media":8871,"comment_status":"closed","ping_status":"closed","sticky":false,"template":"","format":"standard","meta":{"footnotes":"","jetpack_publicize_message":"","jetpack_publicize_feature_enabled":true,"jetpack_social_post_already_shared":true,"jetpack_social_options":{"image_generator_settings":{"template":"highway","enabled":false},"version":2}},"categories":[3],"tags":[],"class_list":["post-8870","post","type-post","status-publish","format-standard","has-post-thumbnail","hentry","category-sociedad"],"jetpack_publicize_connections":[],"_links":{"self":[{"href":"https:\/\/diariorepublica.com.ar\/web\/index.php\/wp-json\/wp\/v2\/posts\/8870"}],"collection":[{"href":"https:\/\/diariorepublica.com.ar\/web\/index.php\/wp-json\/wp\/v2\/posts"}],"about":[{"href":"https:\/\/diariorepublica.com.ar\/web\/index.php\/wp-json\/wp\/v2\/types\/post"}],"author":[{"embeddable":true,"href":"https:\/\/diariorepublica.com.ar\/web\/index.php\/wp-json\/wp\/v2\/users\/1"}],"replies":[{"embeddable":true,"href":"https:\/\/diariorepublica.com.ar\/web\/index.php\/wp-json\/wp\/v2\/comments?post=8870"}],"version-history":[{"count":1,"href":"https:\/\/diariorepublica.com.ar\/web\/index.php\/wp-json\/wp\/v2\/posts\/8870\/revisions"}],"predecessor-version":[{"id":8872,"href":"https:\/\/diariorepublica.com.ar\/web\/index.php\/wp-json\/wp\/v2\/posts\/8870\/revisions\/8872"}],"wp:featuredmedia":[{"embeddable":true,"href":"https:\/\/diariorepublica.com.ar\/web\/index.php\/wp-json\/wp\/v2\/media\/8871"}],"wp:attachment":[{"href":"https:\/\/diariorepublica.com.ar\/web\/index.php\/wp-json\/wp\/v2\/media?parent=8870"}],"wp:term":[{"taxonomy":"category","embeddable":true,"href":"https:\/\/diariorepublica.com.ar\/web\/index.php\/wp-json\/wp\/v2\/categories?post=8870"},{"taxonomy":"post_tag","embeddable":true,"href":"https:\/\/diariorepublica.com.ar\/web\/index.php\/wp-json\/wp\/v2\/tags?post=8870"}],"curies":[{"name":"wp","href":"https:\/\/api.w.org\/{rel}","templated":true}]}}