{"id":8891,"date":"2023-10-25T07:44:16","date_gmt":"2023-10-25T10:44:16","guid":{"rendered":"https:\/\/diariorepublica.com.ar\/web\/?p=8891"},"modified":"2023-10-25T07:44:18","modified_gmt":"2023-10-25T10:44:18","slug":"javier-milei-nego-que-se-vaya-a-bajar-del-balotaje-bajo-ningun-punto-de-vista","status":"publish","type":"post","link":"https:\/\/diariorepublica.com.ar\/web\/index.php\/nacionales\/2023\/10\/25\/javier-milei-nego-que-se-vaya-a-bajar-del-balotaje-bajo-ningun-punto-de-vista\/","title":{"rendered":"Javier Milei neg\u00f3 que se vaya a bajar del balotaje: \u00abBajo ning\u00fan punto de vista\u00bb"},"content":{"rendered":"<p>El candidato presidencial de La Libertad Avanza,\u00a0<strong>Javier Milei<\/strong>, afirm\u00f3\u00a0 que<strong>\u00a0no se bajar\u00e1 del\u00a0balotaje\u00a0\u00abbajo ning\u00fan punto de vista\u00bb y destac\u00f3 que es \u00abun gladiador\u00bb.<\/strong><\/p>\n<article class=\"article-body\">\n<div class=\"article-content\">\n<div class=\"news-body-paragraph\" data-twitter-link=\"\">\n<p>El libertario se cruzar\u00e1 el pr\u00f3ximo 19 de noviembre con Sergio Massa, de Uni\u00f3n por la Patria, tras los resultados de los comicios generales del domingo pasado.<\/p>\n<\/div>\n<\/div>\n<\/article>\n<article class=\"article-body third-p\">\n<div class=\"article-content\">\n<div class=\"news-body-paragraph\" data-twitter-link=\"\">\n<p>En declaraciones televisivas, Milei fue consultado por los supuestos rumores que no competir\u00eda en el balotaje. Ante ese planteo, el economista respondi\u00f3: \u00abBajo ning\u00fan punto de vista. A m\u00ed me sorprende. Estos rumores ya los hicieron correr antes de las PASO, antes de las generales\u00bb.<\/p>\n<p>\u00ab<strong>Lo hicieron correr antes, por ejemplo, en los debates. Verdaderamente implica no conocer c\u00f3mo es la l\u00f3gica del individuo. Yo soy naturalmente un gladiador. Yo no concibo otro resultado distinto que morir con las botas puestas<\/strong>\u00ab, agreg\u00f3.<\/p>\n<p>En esa l\u00ednea, continu\u00f3: \u00abConsidero que tengo altas chances de ganar, hay que trabajar\u00bb. Y ejemplific\u00f3: \u00abSi usted se fija, la diferencia que hay entre Massa y nosotros es menor que la que hab\u00eda entre (Daniel) Scioli y (Mauricio) Macri y la econom\u00eda en el 2015 estaba mucho mejor que ahora\u00bb.<\/p>\n<p>\u00abPor lo tanto, nosotros tenemos fuertes expectativas de que podemos llegar a convencer al ciudadano, a los argentinos de hacer un verdadero cambio\u00bb, reflexion\u00f3 el legislador nacional que consigui\u00f3 el 29% de los votos frente al casi 37% de Massa.<\/p>\n<\/div>\n<\/div>\n<\/article>\n","protected":false},"excerpt":{"rendered":"<p>El candidato presidencial de La Libertad Avanza,\u00a0Javier Milei, afirm\u00f3\u00a0 que\u00a0no se bajar\u00e1 del\u00a0balotaje\u00a0\u00abbajo ning\u00fan punto de vista\u00bb y destac\u00f3 que<\/p>\n","protected":false},"author":1,"featured_media":8892,"comment_status":"closed","ping_status":"closed","sticky":false,"template":"","format":"standard","meta":{"footnotes":"","jetpack_publicize_message":"","jetpack_publicize_feature_enabled":true,"jetpack_social_post_already_shared":true,"jetpack_social_options":{"image_generator_settings":{"template":"highway","enabled":false},"version":2}},"categories":[4],"tags":[],"class_list":["post-8891","post","type-post","status-publish","format-standard","has-post-thumbnail","hentry","category-nacionales"],"jetpack_publicize_connections":[],"_links":{"self":[{"href":"https:\/\/diariorepublica.com.ar\/web\/index.php\/wp-json\/wp\/v2\/posts\/8891"}],"collection":[{"href":"https:\/\/diariorepublica.com.ar\/web\/index.php\/wp-json\/wp\/v2\/posts"}],"about":[{"href":"https:\/\/diariorepublica.com.ar\/web\/index.php\/wp-json\/wp\/v2\/types\/post"}],"author":[{"embeddable":true,"href":"https:\/\/diariorepublica.com.ar\/web\/index.php\/wp-json\/wp\/v2\/users\/1"}],"replies":[{"embeddable":true,"href":"https:\/\/diariorepublica.com.ar\/web\/index.php\/wp-json\/wp\/v2\/comments?post=8891"}],"version-history":[{"count":1,"href":"https:\/\/diariorepublica.com.ar\/web\/index.php\/wp-json\/wp\/v2\/posts\/8891\/revisions"}],"predecessor-version":[{"id":8893,"href":"https:\/\/diariorepublica.com.ar\/web\/index.php\/wp-json\/wp\/v2\/posts\/8891\/revisions\/8893"}],"wp:featuredmedia":[{"embeddable":true,"href":"https:\/\/diariorepublica.com.ar\/web\/index.php\/wp-json\/wp\/v2\/media\/8892"}],"wp:attachment":[{"href":"https:\/\/diariorepublica.com.ar\/web\/index.php\/wp-json\/wp\/v2\/media?parent=8891"}],"wp:term":[{"taxonomy":"category","embeddable":true,"href":"https:\/\/diariorepublica.com.ar\/web\/index.php\/wp-json\/wp\/v2\/categories?post=8891"},{"taxonomy":"post_tag","embeddable":true,"href":"https:\/\/diariorepublica.com.ar\/web\/index.php\/wp-json\/wp\/v2\/tags?post=8891"}],"curies":[{"name":"wp","href":"https:\/\/api.w.org\/{rel}","templated":true}]}}