{"id":8894,"date":"2023-10-25T07:46:24","date_gmt":"2023-10-25T10:46:24","guid":{"rendered":"https:\/\/diariorepublica.com.ar\/web\/?p=8894"},"modified":"2023-10-25T07:46:25","modified_gmt":"2023-10-25T10:46:25","slug":"inedita-cirugia-en-argentina-para-removerle-un-tumor-cerebral-a-un-paciente-despierto","status":"publish","type":"post","link":"https:\/\/diariorepublica.com.ar\/web\/index.php\/nacionales\/2023\/10\/25\/inedita-cirugia-en-argentina-para-removerle-un-tumor-cerebral-a-un-paciente-despierto\/","title":{"rendered":"In\u00e9dita cirug\u00eda en Argentina para removerle un tumor cerebral a un paciente despierto"},"content":{"rendered":"<p>El investigador cient\u00edfico y neurocirujano espa\u00f1ol Jes\u00fas Mart\u00edn-Fern\u00e1ndez encabezar\u00e1\u00a0este mi\u00e9rcoles el equipo que operar\u00e1 de un tumor cerebral a un paciente que permanecer\u00e1 consciente durante la intervenci\u00f3n para responder preguntas que orienten el procedimiento dentro de su cerebro.<\/p>\n<div class=\"wrapper wrapper_post m-push-sidebar\">\n<article class=\"b-post\">\n<div class=\"row\">\n<div class=\"small-12 medium-12 large-8 columns\">\n<div class=\"small-12 medium-12 large-12 columns \">\n<div class=\"e-post-text\">\n<p>Mart\u00edn-Fern\u00e1ndez, oriundo de las Islas Canarias, de 30 a\u00f1os de edad, fue invitado a visitar Argentina por el hospital de San Fernando \u00abPetrona V. de Cordero\u00bb por el equipo de Mat\u00edas Baldoncini, uno de los referentes de la neurocirug\u00eda en nuestro pa\u00eds, para intervenir quir\u00fargicamente a dos pacientes que padecen un tumor cerebral situado en zonas cr\u00edticas para sus funciones cerebrales mediante una revolucionaria t\u00e9cnica de \u00abcirug\u00eda a la carta\u00bb.<\/p>\n<p>En este m\u00e9todo se mantiene despiertos a los pacientes para preservar sus emociones, adem\u00e1s del lenguaje, comportamiento, memoria y otras funciones mentales; en estas cirug\u00edas, que no tienen antecedentes en Sudam\u00e9rica, se incluir\u00e1 un test dise\u00f1ado por el mismo neurocirujano empleando inteligencia artificial y que permite a los pacientes evaluar sus emociones en vivo y preservar su cognici\u00f3n durante todo el proceso, posibilitando un postoperatorio m\u00e1s corto y llevadero.<\/p>\n<p>En febrero de este a\u00f1o en Barcelona, el neurocirujano intervino con esta t\u00e9cnica a una mujer de 44 a\u00f1os a qui\u00e9n le consigui\u00f3 extirpar un tumor cerebral de bajo grado que afectaba a zonas cr\u00edticas previamente consideradas como \u00bbinoperables\u00bb.<\/p>\n<p>Esa intervenci\u00f3n marc\u00f3 un hito en la neurocirug\u00eda ya que se aplic\u00f3 por primera vez en el mundo el test con \u00abmetahumanos\u00bb (avatares), modelos inform\u00e1ticos dotados de inteligencia artificial basados en actores profesionales realizando emociones complejas, con el objetivo de prever las posibles respuestas a emociones humanas.<\/p>\n<p>En la v\u00edspera de su primera operaci\u00f3n en Argentina, el investigador espa\u00f1ol visit\u00f3 este martes por la tarde el Centro Cultural de la Ciencia en el barrio porte\u00f1o de Palermo para participar de la charla \u00ab\u00bfD\u00f3nde est\u00e1 la mente? Cirug\u00eda despierta de las emociones\u00bb, moderada por el divulgador cient\u00edfico y especialista en neurociencia, Fabricio Ballarini, y organizada por TEC, la plataforma transmedia del ministerio de Ciencia.<\/p>\n<p>Ante un auditorio de investigadores, profesionales de la salud y estudiantes de medicina, Mart\u00edn-Fern\u00e1ndez dijo que \u00abel cerebro es un \u00f3rgano que genera mundos internos y en donde buscando la ubicaci\u00f3n de la mente durante mucho tiempo fue estudiado de manera modular como si cada secci\u00f3n cumpliese una tarea espec\u00edfica, cuando hoy el avance de las investigaciones nos muestra que todo el tiempo interact\u00faan distintas redes que circulan impulsos el\u00e9ctricos por diferentes partes del cerebro para hacer una tarea sencilla. De hecho, en muchos casos las redes para determinadas funciones no son iguales de una persona a otra\u00bb.<\/p>\n<p>\u00abHay tumores que en muchas casos son tratados con rayos o quimioterapia porque se considera riesgosa una intervenci\u00f3n, pero con esta t\u00e9cnica podemos usar un estimulador que genera peque\u00f1as descargas el\u00e9ctricas en el cerebro y con el paciente despierto podemos ver si eso afecta sus capacidades; para eso desarrollamos unos avatares que expresan emociones que el paciente debe ir identificando y en la medida que el paciente demuestre que el lugar que tocamos no lo afecta podemos seguir avanzando con seguridad para extirpar el tumor\u00bb, indic\u00f3.<\/p>\n<p>Actualmente, el doctor Jes\u00fas Mart\u00edn-Fern\u00e1ndez trabaja en el H\u00f4pital Gui de Chauliac de Montpellier, en Francia, con su mentor el profesor Hugues Duffau; asimismo, realiz\u00f3 tareas de investigaci\u00f3n en el Queen Square Hospital con el profesor Samandouras, uno de los m\u00e1s prestigioso de Inglaterra y se desempe\u00f1\u00f3 como co-investigador en el Instituto Guttmann en el marco del proyecto \u00bbPrehabilita\u00bb. (T\u00e9lam)<\/p>\n<\/div>\n<\/div>\n<\/div>\n<div class=\"small-12 medium-12 large-4 columns\"><\/div>\n<\/div>\n<\/article>\n<\/div>\n<div class=\"wrapper wrapper_post m-push-sidebar\"><\/div>\n","protected":false},"excerpt":{"rendered":"<p>El investigador cient\u00edfico y neurocirujano espa\u00f1ol Jes\u00fas Mart\u00edn-Fern\u00e1ndez encabezar\u00e1\u00a0este mi\u00e9rcoles el equipo que operar\u00e1 de un tumor cerebral a un<\/p>\n","protected":false},"author":1,"featured_media":8895,"comment_status":"closed","ping_status":"closed","sticky":false,"template":"","format":"standard","meta":{"footnotes":"","jetpack_publicize_message":"","jetpack_publicize_feature_enabled":true,"jetpack_social_post_already_shared":true,"jetpack_social_options":{"image_generator_settings":{"template":"highway","enabled":false},"version":2}},"categories":[4],"tags":[],"class_list":["post-8894","post","type-post","status-publish","format-standard","has-post-thumbnail","hentry","category-nacionales"],"jetpack_publicize_connections":[],"_links":{"self":[{"href":"https:\/\/diariorepublica.com.ar\/web\/index.php\/wp-json\/wp\/v2\/posts\/8894"}],"collection":[{"href":"https:\/\/diariorepublica.com.ar\/web\/index.php\/wp-json\/wp\/v2\/posts"}],"about":[{"href":"https:\/\/diariorepublica.com.ar\/web\/index.php\/wp-json\/wp\/v2\/types\/post"}],"author":[{"embeddable":true,"href":"https:\/\/diariorepublica.com.ar\/web\/index.php\/wp-json\/wp\/v2\/users\/1"}],"replies":[{"embeddable":true,"href":"https:\/\/diariorepublica.com.ar\/web\/index.php\/wp-json\/wp\/v2\/comments?post=8894"}],"version-history":[{"count":1,"href":"https:\/\/diariorepublica.com.ar\/web\/index.php\/wp-json\/wp\/v2\/posts\/8894\/revisions"}],"predecessor-version":[{"id":8896,"href":"https:\/\/diariorepublica.com.ar\/web\/index.php\/wp-json\/wp\/v2\/posts\/8894\/revisions\/8896"}],"wp:featuredmedia":[{"embeddable":true,"href":"https:\/\/diariorepublica.com.ar\/web\/index.php\/wp-json\/wp\/v2\/media\/8895"}],"wp:attachment":[{"href":"https:\/\/diariorepublica.com.ar\/web\/index.php\/wp-json\/wp\/v2\/media?parent=8894"}],"wp:term":[{"taxonomy":"category","embeddable":true,"href":"https:\/\/diariorepublica.com.ar\/web\/index.php\/wp-json\/wp\/v2\/categories?post=8894"},{"taxonomy":"post_tag","embeddable":true,"href":"https:\/\/diariorepublica.com.ar\/web\/index.php\/wp-json\/wp\/v2\/tags?post=8894"}],"curies":[{"name":"wp","href":"https:\/\/api.w.org\/{rel}","templated":true}]}}