{"id":8900,"date":"2023-10-25T00:48:00","date_gmt":"2023-10-25T03:48:00","guid":{"rendered":"https:\/\/diariorepublica.com.ar\/web\/?p=8900"},"modified":"2023-10-25T07:48:58","modified_gmt":"2023-10-25T10:48:58","slug":"en-un-final-para-el-infarto-racing-vencio-a-un-boca-alternativo","status":"publish","type":"post","link":"https:\/\/diariorepublica.com.ar\/web\/index.php\/deportes\/2023\/10\/25\/en-un-final-para-el-infarto-racing-vencio-a-un-boca-alternativo\/","title":{"rendered":"En un final para el infarto, Racing venci\u00f3 a un Boca alternativo\u00a0"},"content":{"rendered":"<article id=\"article-post\" class=\"first\">\n<div class=\"cuerpo\" data-twitter-link=\"https:\/\/twitter.com\/intent\/tweet?url=https:\/\/www.diariopopular.com.ar\/c750198&amp;via=poopulardiario&amp;related=Popular&amp;text=\">\n<p><strong>Racing super\u00f3 por 2 a 1 a Boca\u00a0<\/strong>y volvi\u00f3 a ganar despu\u00e9s de cuatro fechas\u00a0<strong>en un cl\u00e1sico<\/strong><strong>\u00a0con un tremendo final<\/strong>: tras el 1-0 de Vecchio,<strong>\u00a0Merentiel igual\u00f3 a los 47&#8242; del segundo tiempo y Sigali apareci\u00f3 con un cabezazo salvador a los 50&#8242;\u00a0<\/strong>para evitar silbidos finales que se ve\u00edan venir y desatar una locura en las tribunas del Cilindro de Avellaneda. Gran triunfo del local mientras que el visitante, que jug\u00f3 con un equipo alternativo pensando en la Copa, se qued\u00f3 sin margen de error en la Copa de la Liga.<\/p>\n<\/div>\n<\/article>\n<article id=\"article-post\">\n<div class=\"cuerpo\" data-twitter-link=\"https:\/\/twitter.com\/intent\/tweet?url=https:\/\/www.diariopopular.com.ar\/c750198&amp;via=poopulardiario&amp;related=Popular&amp;text=\">\n<p><strong>Volvi\u00f3 Vecchio y volvi\u00f3 la alegr\u00eda en Racing y ni m\u00e1s ni menos que contra Boca<\/strong>\u00a0<strong>y en un final emocionante. Con un gol y una asistencia, el volante de 34 a\u00f1os<\/strong>, que en este mismo encuentro volvi\u00f3 a las canchas despu\u00e9s estar alejado de las mismas por m\u00e1s de un a\u00f1o por una lesi\u00f3n,\u00a0<strong>fue la gran figura del encuentro.\u00a0<\/strong>La dupla Grazzini-Videla meti\u00f3 un as con la entrada del ex Rosario Central en lugar de Jonathan G\u00f3mez.<\/p>\n<p><strong>Vecchio<\/strong>, quien acaba de superar una rotura del ligamento cruzado anterior de su rodilla izquierda que sufri\u00f3 en octubre del 2022 y ven\u00eda de jugar unos minutos en el duelo de Reserva,\u00a0<strong>entr\u00f3 a los 14 minutos del segundo tiempo y a los 28&#8242; abri\u00f3 el marcador.\u00a0<\/strong>Tras un buen pase de Agust\u00edn Almendra, quien se fue por la puerta de atr\u00e1s de Boca, Vecchio recibi\u00f3 en el centro del \u00e1rea, abri\u00f3 su pie derecho y super\u00f3 a Chiquito Romero, quien le hab\u00eda ahogado el grito de gol a Moreno, Baltasar Rodr\u00edguez y Roger Mart\u00ednez.<\/p>\n<p>Y como si fuera poco,\u00a0<strong>despu\u00e9s del empate de Merentiel<\/strong>,<strong>\u00a0que lleg\u00f3 a los 47&#8242; del segundo tiempo y fue un baldazo de agua fr\u00eda en invierno para Racing<\/strong>,\u00a0<strong>el volante se hizo cargo de un tiro libre\u00a0<\/strong>sobre la derecha en la \u00faltima jugada<strong>\u00a0y le puso un pase con una visi\u00f3n y precisi\u00f3n de cirujano a Sigali<\/strong>, quien sin marca y en carrera le revent\u00f3 el arco a Chiquito con un poderoso cabezazo que hizo explotar a todo el Cilindro de Avellaneda.<\/p>\n<div id=\"embed2_wrap\" class=\"embed_cont type_freetext\" contenteditable=\"false\">\n<div id=\"embed2_content\" class=\"embed_content\">\n<div id=\"embed2_embed\"><iframe loading=\"lazy\" title=\"YouTube video player\" src=\"https:\/\/www.youtube.com\/embed\/Ogw7J1TuNpc?si=CqLEi6U30F2nexoU\" width=\"560\" height=\"315\" frameborder=\"0\" allowfullscreen=\"allowfullscreen\" data-gtm-yt-inspected-12=\"true\" data-mce-fragment=\"1\"><\/iframe><\/div>\n<\/div>\n<div id=\"embed2_epigrafe\" class=\"embed_epigrafe\"><\/div>\n<div id=\"embed2_copyright\" class=\"embed_copyright\"><\/div>\n<\/div>\n<p><strong>El p\u00fablico lo ovacion\u00f3 en su entrada al campo y \u00e9l le devolvi\u00f3 el cari\u00f1o con un gol y una asistencia que valen m\u00e1s que tres puntos o una victoria incluso a Boca.<\/strong>\u00a0La gente se desahog\u00f3 con gritos de euforia (y no de reprobaci\u00f3n como ven\u00eda pasando) en este contexto complicado que est\u00e1 pasando el club sin t\u00e9cnico y con una dupla interina, con juego y resultados en ca\u00edda libre, incluyendo derrota con su eterno rival en su casa.<\/p>\n<p><strong>Con este triunfo, Racing se afianz\u00f3 en puestos de clasificaci\u00f3n a la pr\u00f3xima instancia de la Copa de la Liga<\/strong>\u00a0(es escolta de la Zona B de la Copa de la Liga con 16 puntos al menos hasta que se complete la fecha) y logr\u00f3 una victoria importante que le puede servir de envi\u00f3n an\u00edmico para mejorar la situaci\u00f3n deportiva. Adem\u00e1s, volvi\u00f3 a meterse en la lucha por los boletos a competencias internacionales del pr\u00f3ximo a\u00f1o.<\/p>\n<p>Por su parte,\u00a0<strong>el equipo alternativo de Boca que par\u00f3 Jorge Almir\u00f3n<\/strong>\u00a0(con los juveniles Aaron Anselmino y Jabes Saralegui entre los titulares) para darle descanso a titulares pensando en la Copa Libertadores\u00a0<strong>le hizo un partido de igual a igual a Racing pero se fue con las manos vac\u00edas. El Xeneize qued\u00f3 sin margen de error en la Copa de la Liga. Adem\u00e1s no tuvo suerte: Dar\u00edo Benedetto se fue tocado\u00a0<\/strong>(sali\u00f3 antes de los 10 minutos por un pinchazo muscular).<\/p>\n<p><strong>Boca est\u00e1 10\u00b0 sobre 14 en la Zona B de la Copa de la Liga<\/strong>\u00a0y puede a\u00fan retroceder un puesto m\u00e1s si San Lorenzo le gana el jueves a Platense. El Xeneize qued\u00f3 a 4 puntos con 12 por jugarse de la zona de clasificaci\u00f3n, pero probablemente termine a 5 o m\u00e1s para cuando finalice la fecha. Ahora,<strong>\u00a0necesita el s\u00e1bado levantarse contra Estudiantes, en el que ser\u00e1 el duelo previo a la gran final de la Copa Libertadores con Fluminense en el Maracan\u00e1.<\/strong><\/p>\n<\/div>\n<\/article>\n","protected":false},"excerpt":{"rendered":"<p>Racing super\u00f3 por 2 a 1 a Boca\u00a0y volvi\u00f3 a ganar despu\u00e9s de cuatro fechas\u00a0en un cl\u00e1sico\u00a0con un tremendo final:<\/p>\n","protected":false},"author":1,"featured_media":8901,"comment_status":"closed","ping_status":"closed","sticky":false,"template":"","format":"standard","meta":{"footnotes":"","jetpack_publicize_message":"","jetpack_publicize_feature_enabled":true,"jetpack_social_post_already_shared":true,"jetpack_social_options":{"image_generator_settings":{"template":"highway","enabled":false},"version":2}},"categories":[9],"tags":[],"class_list":["post-8900","post","type-post","status-publish","format-standard","has-post-thumbnail","hentry","category-deportes"],"jetpack_publicize_connections":[],"_links":{"self":[{"href":"https:\/\/diariorepublica.com.ar\/web\/index.php\/wp-json\/wp\/v2\/posts\/8900"}],"collection":[{"href":"https:\/\/diariorepublica.com.ar\/web\/index.php\/wp-json\/wp\/v2\/posts"}],"about":[{"href":"https:\/\/diariorepublica.com.ar\/web\/index.php\/wp-json\/wp\/v2\/types\/post"}],"author":[{"embeddable":true,"href":"https:\/\/diariorepublica.com.ar\/web\/index.php\/wp-json\/wp\/v2\/users\/1"}],"replies":[{"embeddable":true,"href":"https:\/\/diariorepublica.com.ar\/web\/index.php\/wp-json\/wp\/v2\/comments?post=8900"}],"version-history":[{"count":1,"href":"https:\/\/diariorepublica.com.ar\/web\/index.php\/wp-json\/wp\/v2\/posts\/8900\/revisions"}],"predecessor-version":[{"id":8902,"href":"https:\/\/diariorepublica.com.ar\/web\/index.php\/wp-json\/wp\/v2\/posts\/8900\/revisions\/8902"}],"wp:featuredmedia":[{"embeddable":true,"href":"https:\/\/diariorepublica.com.ar\/web\/index.php\/wp-json\/wp\/v2\/media\/8901"}],"wp:attachment":[{"href":"https:\/\/diariorepublica.com.ar\/web\/index.php\/wp-json\/wp\/v2\/media?parent=8900"}],"wp:term":[{"taxonomy":"category","embeddable":true,"href":"https:\/\/diariorepublica.com.ar\/web\/index.php\/wp-json\/wp\/v2\/categories?post=8900"},{"taxonomy":"post_tag","embeddable":true,"href":"https:\/\/diariorepublica.com.ar\/web\/index.php\/wp-json\/wp\/v2\/tags?post=8900"}],"curies":[{"name":"wp","href":"https:\/\/api.w.org\/{rel}","templated":true}]}}