{"id":8912,"date":"2023-10-25T10:50:23","date_gmt":"2023-10-25T13:50:23","guid":{"rendered":"https:\/\/diariorepublica.com.ar\/web\/?p=8912"},"modified":"2023-10-25T10:50:24","modified_gmt":"2023-10-25T13:50:24","slug":"bullrich-dara-una-conferencia-de-prensa-y-se-espera-una-definicion-sobre-la-posicion-del-pro-en-el-balotaje","status":"publish","type":"post","link":"https:\/\/diariorepublica.com.ar\/web\/index.php\/politica\/2023\/10\/25\/bullrich-dara-una-conferencia-de-prensa-y-se-espera-una-definicion-sobre-la-posicion-del-pro-en-el-balotaje\/","title":{"rendered":"Bullrich dar\u00e1 una conferencia de prensa y se espera una definici\u00f3n sobre la posici\u00f3n del PRO en el balotaje"},"content":{"rendered":"<article class=\"article-body article-body--first-paragraph content-protected-false\" data-td-script-src=\"https:\/\/www.ambito.com\/td\/modulos\/encuestas\/js\/function-embeds-min-version-1660312110.js\">La\u00a0<strong>titular del PRO<\/strong>\u00a0y\u00a0<strong>excandidata presidencial<\/strong>\u00a0de<strong>\u00a0Juntos por el Cambio (JxC)\u00a0<\/strong>en estas\u00a0<strong>Elecciones 2023<\/strong><strong>,<\/strong><a href=\"https:\/\/www.ambito.com\/politica\/elecciones-2023-estos-son-los-candidatos-presidenciales-confirmados-n5664630\" target=\"_blank\" rel=\"follow noopener\">\u00a0<\/a><strong>Patricia Bullrich,<\/strong>\u00a0dar\u00e1 una conferencia de prensa este mi\u00e9rcoles al mediod\u00eda, en el marco de expectativa por su postura de cara al\u00a0<strong>balotaje<\/strong>\u00a0y un posible apoyo al referente de\u00a0<strong>La Libertad Avanza, Javier Milei<\/strong>.<\/p>\n<\/article>\n<article class=\"article-body article-body--second-paragraph content-protected-false\">La conferencia se desarrollar\u00e1 tras un encuentro de la\u00a0<strong>exministra de Seguridad con el expresidente Mauricio Macri<\/strong>\u00a0horas antes de una reuni\u00f3n estipulada inicialmente entre los l\u00edderes del partido para\u00a0<strong>debatir\u00a0<\/strong>formalmente qu\u00e9 postura adoptar\u00e1n en la segunda vuelta.<\/p>\n<article class=\"article-body article-body--third-paragraph content-protected-false\">Sin embargo, el c\u00f3nclave de los referentes del PRO fue suspendido ante la falta de acuerdo interno para apoyar a<strong>\u00a0Javier Milei<\/strong>\u00a0en la segunda vuelta electoral. Ahora,\u00a0<strong>Bullrich<\/strong>\u00a0se presentar\u00e1 ante los medios con la especulaci\u00f3n de\u00a0<strong>un anuncio en apoyo al libertario<\/strong>, lo que elevar\u00eda la tensi\u00f3n de Juntos por el Cambio (JxC) debido a la negativa de una parte del radicalismo.<\/p>\n<\/article>\n<article class=\"article-body article-body--fourth-paragraph content-protected-false\">El\u00a0<strong>vicepresidente del PRO, Federico Angelini<\/strong>, anticip\u00f3 en declaraciones radiales que no dar\u00e1n libertad de acci\u00f3n: \u00abEl PRO\u00a0<strong>no naci\u00f3 para la libertad de acci\u00f3n, sino para dar definiciones pol\u00edticas<\/strong>. Tirarla afuera, que es libertad de acci\u00f3n, no me parece lo m\u00e1s acertado\u00bb.<\/p>\n<\/article>\n<article class=\"article-body article-body--remaining-paragraph content-protected-false\">\u00ab<strong>Nada que sea con Massa puede ser una mejora<\/strong>\u00ab, agreg\u00f3 Angelini con relaci\u00f3n a la postura que podr\u00eda tomar el espacio desde la 11 durante la reuni\u00f3n que se realizar\u00e1 en Balcarce al 400.<\/p>\n<p>Fuente: ambito.com<\/p>\n<\/article>\n<\/article>\n","protected":false},"excerpt":{"rendered":"<p>La\u00a0titular del PRO\u00a0y\u00a0excandidata presidencial\u00a0de\u00a0Juntos por el Cambio (JxC)\u00a0en estas\u00a0Elecciones 2023,\u00a0Patricia Bullrich,\u00a0dar\u00e1 una conferencia de prensa este mi\u00e9rcoles al mediod\u00eda, en<\/p>\n","protected":false},"author":1,"featured_media":8913,"comment_status":"closed","ping_status":"closed","sticky":false,"template":"","format":"standard","meta":{"footnotes":"","jetpack_publicize_message":"","jetpack_publicize_feature_enabled":true,"jetpack_social_post_already_shared":true,"jetpack_social_options":{"image_generator_settings":{"template":"highway","enabled":false},"version":2}},"categories":[12],"tags":[],"class_list":["post-8912","post","type-post","status-publish","format-standard","has-post-thumbnail","hentry","category-politica"],"jetpack_publicize_connections":[],"_links":{"self":[{"href":"https:\/\/diariorepublica.com.ar\/web\/index.php\/wp-json\/wp\/v2\/posts\/8912"}],"collection":[{"href":"https:\/\/diariorepublica.com.ar\/web\/index.php\/wp-json\/wp\/v2\/posts"}],"about":[{"href":"https:\/\/diariorepublica.com.ar\/web\/index.php\/wp-json\/wp\/v2\/types\/post"}],"author":[{"embeddable":true,"href":"https:\/\/diariorepublica.com.ar\/web\/index.php\/wp-json\/wp\/v2\/users\/1"}],"replies":[{"embeddable":true,"href":"https:\/\/diariorepublica.com.ar\/web\/index.php\/wp-json\/wp\/v2\/comments?post=8912"}],"version-history":[{"count":1,"href":"https:\/\/diariorepublica.com.ar\/web\/index.php\/wp-json\/wp\/v2\/posts\/8912\/revisions"}],"predecessor-version":[{"id":8914,"href":"https:\/\/diariorepublica.com.ar\/web\/index.php\/wp-json\/wp\/v2\/posts\/8912\/revisions\/8914"}],"wp:featuredmedia":[{"embeddable":true,"href":"https:\/\/diariorepublica.com.ar\/web\/index.php\/wp-json\/wp\/v2\/media\/8913"}],"wp:attachment":[{"href":"https:\/\/diariorepublica.com.ar\/web\/index.php\/wp-json\/wp\/v2\/media?parent=8912"}],"wp:term":[{"taxonomy":"category","embeddable":true,"href":"https:\/\/diariorepublica.com.ar\/web\/index.php\/wp-json\/wp\/v2\/categories?post=8912"},{"taxonomy":"post_tag","embeddable":true,"href":"https:\/\/diariorepublica.com.ar\/web\/index.php\/wp-json\/wp\/v2\/tags?post=8912"}],"curies":[{"name":"wp","href":"https:\/\/api.w.org\/{rel}","templated":true}]}}