{"id":8915,"date":"2023-10-25T12:51:00","date_gmt":"2023-10-25T15:51:00","guid":{"rendered":"https:\/\/diariorepublica.com.ar\/web\/?p=8915"},"modified":"2023-10-25T10:51:58","modified_gmt":"2023-10-25T13:51:58","slug":"rastro-del-tiempo-llega-a-nuestras-voces","status":"publish","type":"post","link":"https:\/\/diariorepublica.com.ar\/web\/index.php\/locales\/2023\/10\/25\/rastro-del-tiempo-llega-a-nuestras-voces\/","title":{"rendered":"Rastro del Tiempo llega a Nuestras Voces"},"content":{"rendered":"<p>La Biblioteca del Senado vuelve a llenarse de m\u00fasica con la temporada 2023 del ciclo cultural \u201cNuestras Voces\u201d, organizado desde la Vicegobernaci\u00f3n que conduce Rub\u00e9n Dusso, con la presencia de artistas de cada rinc\u00f3n del amplio territorio catamarque\u00f1o.<\/p>\n<p>En el d\u00e9cimo episodio de Nuestras Voces, que se presentar\u00e1 este mi\u00e9rcoles 25 de octubre a las 20.00 en la fanpage de Facebook de Senado, la Biblioteca del Senado se llenar\u00e1 con el sonido tradicional y las voces de nuestro folklore junto su legado est\u00e9tico de ra\u00edz, de la mano del grupo Rastro del Tiempo, formado por Agust\u00edn Varela, Emanuel Sober\u00f3n y Javier Villagra. Una entrega para disfrutar de las canciones que nos hacen sentir siempre catamarque\u00f1as y catamarque\u00f1os.<\/p>\n<p>Sobre Nuestras Voces<\/p>\n<p>El ciclo audiovisual de m\u00fasica emitido desde la Biblioteca del Senado hace un recorrido por la cultura catamarque\u00f1a de la mano de artistas e int\u00e9rpretes que ponen de relieve la significancia que para cada uno tiene la historia y letra de la obra que elige para su presentaci\u00f3n, ya sea desde el canto, la copla, el recitado o la m\u00fasica urbana.<\/p>\n<p>El proyecto producido \u00edntegramente por el equipo de Vicegobernaci\u00f3n, cuenta con representantes pertenecientes a los departamentos de la provincia, proponiendo al p\u00fablico tender un puente entre el arte y su significado, como una unidad de sentido que permite a sonido de la voz permite al sonido de la voz o el instrumento, transportar nada m\u00e1s y nada menos que las huellas de la cultura en un momento tan especial de la historia como el actual.<\/p>\n<p>Los episodios de Nuestras Voces, en el siguiente link:\u00a0<a href=\"https:\/\/youtube.com\/@senadodecatamarca7074\" target=\"_blank\" rel=\"noopener\" data-saferedirecturl=\"https:\/\/www.google.com\/url?q=https:\/\/youtube.com\/@senadodecatamarca7074&amp;source=gmail&amp;ust=1698328182441000&amp;usg=AOvVaw3Trf885ZR5M1a_iIjpLRQL\">https:\/\/youtube.com\/@<wbr \/>senadodecatamarca7074<\/a><\/p>\n","protected":false},"excerpt":{"rendered":"<p>La Biblioteca del Senado vuelve a llenarse de m\u00fasica con la temporada 2023 del ciclo cultural \u201cNuestras Voces\u201d, organizado desde<\/p>\n","protected":false},"author":1,"featured_media":8916,"comment_status":"closed","ping_status":"closed","sticky":false,"template":"","format":"standard","meta":{"footnotes":"","jetpack_publicize_message":"","jetpack_publicize_feature_enabled":true,"jetpack_social_post_already_shared":true,"jetpack_social_options":{"image_generator_settings":{"template":"highway","enabled":false},"version":2}},"categories":[2],"tags":[],"class_list":["post-8915","post","type-post","status-publish","format-standard","has-post-thumbnail","hentry","category-locales"],"jetpack_publicize_connections":[],"_links":{"self":[{"href":"https:\/\/diariorepublica.com.ar\/web\/index.php\/wp-json\/wp\/v2\/posts\/8915"}],"collection":[{"href":"https:\/\/diariorepublica.com.ar\/web\/index.php\/wp-json\/wp\/v2\/posts"}],"about":[{"href":"https:\/\/diariorepublica.com.ar\/web\/index.php\/wp-json\/wp\/v2\/types\/post"}],"author":[{"embeddable":true,"href":"https:\/\/diariorepublica.com.ar\/web\/index.php\/wp-json\/wp\/v2\/users\/1"}],"replies":[{"embeddable":true,"href":"https:\/\/diariorepublica.com.ar\/web\/index.php\/wp-json\/wp\/v2\/comments?post=8915"}],"version-history":[{"count":1,"href":"https:\/\/diariorepublica.com.ar\/web\/index.php\/wp-json\/wp\/v2\/posts\/8915\/revisions"}],"predecessor-version":[{"id":8917,"href":"https:\/\/diariorepublica.com.ar\/web\/index.php\/wp-json\/wp\/v2\/posts\/8915\/revisions\/8917"}],"wp:featuredmedia":[{"embeddable":true,"href":"https:\/\/diariorepublica.com.ar\/web\/index.php\/wp-json\/wp\/v2\/media\/8916"}],"wp:attachment":[{"href":"https:\/\/diariorepublica.com.ar\/web\/index.php\/wp-json\/wp\/v2\/media?parent=8915"}],"wp:term":[{"taxonomy":"category","embeddable":true,"href":"https:\/\/diariorepublica.com.ar\/web\/index.php\/wp-json\/wp\/v2\/categories?post=8915"},{"taxonomy":"post_tag","embeddable":true,"href":"https:\/\/diariorepublica.com.ar\/web\/index.php\/wp-json\/wp\/v2\/tags?post=8915"}],"curies":[{"name":"wp","href":"https:\/\/api.w.org\/{rel}","templated":true}]}}