{"id":8934,"date":"2023-10-26T09:54:54","date_gmt":"2023-10-26T12:54:54","guid":{"rendered":"https:\/\/diariorepublica.com.ar\/web\/?p=8934"},"modified":"2023-10-26T09:54:56","modified_gmt":"2023-10-26T12:54:56","slug":"zona-norte-de-la-ciudad-un-joven-fue-apunalado-y-se-encuentra-en-grave-estado","status":"publish","type":"post","link":"https:\/\/diariorepublica.com.ar\/web\/index.php\/policiales\/2023\/10\/26\/zona-norte-de-la-ciudad-un-joven-fue-apunalado-y-se-encuentra-en-grave-estado\/","title":{"rendered":"Zona Norte de la Ciudad: un joven fue apu\u00f1alado y se encuentra en grave estado"},"content":{"rendered":"<p>Un violento hecho de sangre se registr\u00f3 anoche alrededor de las 20.30 horas en intersecci\u00f3n de las calles Los \u00c1lamos y San Jorge se registr\u00f3 una violenta gresca entre dos j\u00f3venes. Marcos Ram\u00edrez de 23 a\u00f1os sufri\u00f3 un corte en el t\u00f3rax, aparentemente con un arma blanca. Su agresor, que fue identificado con el apellido Ruarte, se dio a la fuga pero luego fue capturado y qued\u00f3 a disposici\u00f3n de la justicia.<\/p>\n<p>Ram\u00edrez fue internado en estado delicado con perforaci\u00f3n de pulm\u00f3n.<\/p>\n","protected":false},"excerpt":{"rendered":"<p>Un violento hecho de sangre se registr\u00f3 anoche alrededor de las 20.30 horas en intersecci\u00f3n de las calles Los \u00c1lamos<\/p>\n","protected":false},"author":2,"featured_media":8935,"comment_status":"closed","ping_status":"closed","sticky":false,"template":"","format":"standard","meta":{"footnotes":"","jetpack_publicize_message":"","jetpack_publicize_feature_enabled":true,"jetpack_social_post_already_shared":true,"jetpack_social_options":{"image_generator_settings":{"template":"highway","enabled":false},"version":2}},"categories":[8],"tags":[],"class_list":["post-8934","post","type-post","status-publish","format-standard","has-post-thumbnail","hentry","category-policiales"],"jetpack_publicize_connections":[],"_links":{"self":[{"href":"https:\/\/diariorepublica.com.ar\/web\/index.php\/wp-json\/wp\/v2\/posts\/8934"}],"collection":[{"href":"https:\/\/diariorepublica.com.ar\/web\/index.php\/wp-json\/wp\/v2\/posts"}],"about":[{"href":"https:\/\/diariorepublica.com.ar\/web\/index.php\/wp-json\/wp\/v2\/types\/post"}],"author":[{"embeddable":true,"href":"https:\/\/diariorepublica.com.ar\/web\/index.php\/wp-json\/wp\/v2\/users\/2"}],"replies":[{"embeddable":true,"href":"https:\/\/diariorepublica.com.ar\/web\/index.php\/wp-json\/wp\/v2\/comments?post=8934"}],"version-history":[{"count":1,"href":"https:\/\/diariorepublica.com.ar\/web\/index.php\/wp-json\/wp\/v2\/posts\/8934\/revisions"}],"predecessor-version":[{"id":8936,"href":"https:\/\/diariorepublica.com.ar\/web\/index.php\/wp-json\/wp\/v2\/posts\/8934\/revisions\/8936"}],"wp:featuredmedia":[{"embeddable":true,"href":"https:\/\/diariorepublica.com.ar\/web\/index.php\/wp-json\/wp\/v2\/media\/8935"}],"wp:attachment":[{"href":"https:\/\/diariorepublica.com.ar\/web\/index.php\/wp-json\/wp\/v2\/media?parent=8934"}],"wp:term":[{"taxonomy":"category","embeddable":true,"href":"https:\/\/diariorepublica.com.ar\/web\/index.php\/wp-json\/wp\/v2\/categories?post=8934"},{"taxonomy":"post_tag","embeddable":true,"href":"https:\/\/diariorepublica.com.ar\/web\/index.php\/wp-json\/wp\/v2\/tags?post=8934"}],"curies":[{"name":"wp","href":"https:\/\/api.w.org\/{rel}","templated":true}]}}