{"id":8965,"date":"2023-10-27T18:34:00","date_gmt":"2023-10-27T21:34:00","guid":{"rendered":"https:\/\/diariorepublica.com.ar\/web\/?p=8965"},"modified":"2023-10-27T07:41:41","modified_gmt":"2023-10-27T10:41:41","slug":"ph-podemos-hablar-quienes-son-los-invitados-de-este-sabado","status":"publish","type":"post","link":"https:\/\/diariorepublica.com.ar\/web\/index.php\/espectaculos\/2023\/10\/27\/ph-podemos-hablar-quienes-son-los-invitados-de-este-sabado\/","title":{"rendered":"PH, Podemos Hablar: qui\u00e9nes son los invitados de este s\u00e1bado"},"content":{"rendered":"<article id=\"article-post\" class=\"first\">\n<div class=\"cuerpo\" data-twitter-link=\"https:\/\/twitter.com\/intent\/tweet?url=https:\/\/www.diariopopular.com.ar\/c750365&amp;via=poopulardiario&amp;related=Popular&amp;text=\">\n<p>\u00abPH Podemos Hablar\u00bb con\u00a0<strong>Andy Kusnetzoff<\/strong>\u00a0regresar\u00e1 este s\u00e1bado a las 22 hs. por Telefe, presentando un diverso grupo de invitados en su pr\u00f3xima emisi\u00f3n. En el pr\u00f3ximo episodio, se espera la participaci\u00f3n de\u00a0<strong>L-Gante, Karina Mazzocco, Fredy Villarreal, Marilina Ross y P\u00eda Shaw<\/strong>, quienes se reunir\u00e1n para discutir una variedad de temas de inter\u00e9s.<\/p>\n<\/div>\n<\/article>\n<article id=\"article-post\">\n<div class=\"cuerpo\" data-twitter-link=\"https:\/\/twitter.com\/intent\/tweet?url=https:\/\/www.diariopopular.com.ar\/c750365&amp;via=poopulardiario&amp;related=Popular&amp;text=\">\n<p>Con la emisi\u00f3n de su s\u00e9ptima temporada, el programa de los s\u00e1bados ha vuelto con renovada energ\u00eda, prometiendo una experiencia enriquecedora para los espectadores.<\/p>\n<p>Cada semana, el programa re\u00fane a cinco personalidades destacadas para explorar temas diversos y descubrir puntos en com\u00fan, fomentando un espacio de di\u00e1logo significativo.<\/p>\n<\/div>\n<\/article>\n","protected":false},"excerpt":{"rendered":"<p>\u00abPH Podemos Hablar\u00bb con\u00a0Andy Kusnetzoff\u00a0regresar\u00e1 este s\u00e1bado a las 22 hs. por Telefe, presentando un diverso grupo de invitados en<\/p>\n","protected":false},"author":1,"featured_media":8966,"comment_status":"closed","ping_status":"closed","sticky":false,"template":"","format":"standard","meta":{"footnotes":"","jetpack_publicize_message":"","jetpack_publicize_feature_enabled":true,"jetpack_social_post_already_shared":true,"jetpack_social_options":{"image_generator_settings":{"template":"highway","enabled":false},"version":2}},"categories":[7],"tags":[],"class_list":["post-8965","post","type-post","status-publish","format-standard","has-post-thumbnail","hentry","category-espectaculos"],"jetpack_publicize_connections":[],"_links":{"self":[{"href":"https:\/\/diariorepublica.com.ar\/web\/index.php\/wp-json\/wp\/v2\/posts\/8965"}],"collection":[{"href":"https:\/\/diariorepublica.com.ar\/web\/index.php\/wp-json\/wp\/v2\/posts"}],"about":[{"href":"https:\/\/diariorepublica.com.ar\/web\/index.php\/wp-json\/wp\/v2\/types\/post"}],"author":[{"embeddable":true,"href":"https:\/\/diariorepublica.com.ar\/web\/index.php\/wp-json\/wp\/v2\/users\/1"}],"replies":[{"embeddable":true,"href":"https:\/\/diariorepublica.com.ar\/web\/index.php\/wp-json\/wp\/v2\/comments?post=8965"}],"version-history":[{"count":1,"href":"https:\/\/diariorepublica.com.ar\/web\/index.php\/wp-json\/wp\/v2\/posts\/8965\/revisions"}],"predecessor-version":[{"id":8967,"href":"https:\/\/diariorepublica.com.ar\/web\/index.php\/wp-json\/wp\/v2\/posts\/8965\/revisions\/8967"}],"wp:featuredmedia":[{"embeddable":true,"href":"https:\/\/diariorepublica.com.ar\/web\/index.php\/wp-json\/wp\/v2\/media\/8966"}],"wp:attachment":[{"href":"https:\/\/diariorepublica.com.ar\/web\/index.php\/wp-json\/wp\/v2\/media?parent=8965"}],"wp:term":[{"taxonomy":"category","embeddable":true,"href":"https:\/\/diariorepublica.com.ar\/web\/index.php\/wp-json\/wp\/v2\/categories?post=8965"},{"taxonomy":"post_tag","embeddable":true,"href":"https:\/\/diariorepublica.com.ar\/web\/index.php\/wp-json\/wp\/v2\/tags?post=8965"}],"curies":[{"name":"wp","href":"https:\/\/api.w.org\/{rel}","templated":true}]}}