{"id":8980,"date":"2023-10-27T11:11:00","date_gmt":"2023-10-27T14:11:00","guid":{"rendered":"https:\/\/diariorepublica.com.ar\/web\/?p=8980"},"modified":"2023-10-27T10:12:26","modified_gmt":"2023-10-27T13:12:26","slug":"dos-proyectos-catamarquenos-viajaran-al-mercado-brasileno-de-industrias-culturales-2023","status":"publish","type":"post","link":"https:\/\/diariorepublica.com.ar\/web\/index.php\/sociedad\/2023\/10\/27\/dos-proyectos-catamarquenos-viajaran-al-mercado-brasileno-de-industrias-culturales-2023\/","title":{"rendered":"Dos proyectos catamarque\u00f1os viajar\u00e1n al Mercado Brasile\u00f1o de Industrias Culturales 2023"},"content":{"rendered":"<p>Dos proyectos catamarque\u00f1os fueron seleccionados para integrar la delegaci\u00f3n argentina que participar\u00e1 del Mercado Brasile\u00f1o de Industrias Culturales (MICBR) 2023, a realizarse del 8 al 12 de noviembre en el pa\u00eds vecino.<\/p>\n<p>A trav\u00e9s de una convocatoria impulsada por el Ministerio de Cultura de la Naci\u00f3n, se seleccionaron 60 proyectos de todo el pa\u00eds, entre los que fueron beneficiados los catamarque\u00f1os Compa\u00f1\u00eda de Danzas Meraki y Brujas del Valle, pertenecientes a los campos de la danza y la m\u00fasica.<\/p>\n<p><strong>Compa\u00f1\u00eda de Danzas Meraki<\/strong>\u00a0es un proyecto de danza independiente y autogestivo integrado por catorce bailarinas catamarque\u00f1as, creado y dirigido por la licenciada Magal\u00ed Tolaba Beltr\u00e1n. Trabaja coreogr\u00e1ficamente sobre tem\u00e1ticas actuales con la mixtura de lenguajes art\u00edsticos donde prevalece la danza folkl\u00f3rica. El objetivo es gestar obras desde la idea, investigando, explorando, ahondando y profundizando sobre la presencia de la mujer en la danza.<\/p>\n<p>La compa\u00f1\u00eda lleva estrenadas tres obras de danza \u00abMujer y Danza-Cuerpos EnRaiZados\u00bb , \u00abMujeres en Escena\u00bb y \u00abMujer, Pueblo y Cantora..a Mercedes Sosa\u00bb, esta \u00faltima obra seleccionada por el programa federal Situar Danza 2023, presentada en agosto en el predio de Tecn\u00f3polis (CABA).<\/p>\n<p><strong>Brujas del Valle<\/strong>\u00a0es una banda de indie rock nacida en 2017, integrada por Mat\u00edas Calder\u00f3n en voz y guitarra, Rodrigo Acevedo en guitarra, P\u00eda Lara en voz y coros, Ruth Pineda en teclado, Gonzalo Quinteros en bajo y Maximiliano Alzugaray en bater\u00eda.<\/p>\n<p>En 2020 grabaron su primer disco \u00abPrimero en el Valle\u00bb y en 2022, \u00abCanciones del Viento\u00bb, trabajos discogr\u00e1ficos que los llev\u00f3 a recorrer distintos escenarios de la provincia y el pa\u00eds. En agosto de 2022 participaron del Nuevo Cancionero Federal, un evento que re\u00fane artistas de todo el pa\u00eds para formar un cancionero y presentarlos en ferias internacionales de m\u00fasica.<\/p>\n<p>De esta manera, los artistas catamarque\u00f1os formar\u00e1n parte de la delegaci\u00f3n de emprendedores, hacedores culturales, productores y empresarios de las industrias culturales que viajar\u00e1n a Bel\u00e9m, Brasil.<\/p>\n<p><strong>\u00bfQu\u00e9 es el MICBR?<\/strong><\/p>\n<p>El Mercado Brasile\u00f1o de Industrias Culturales -MICBR- es un evento que re\u00fane a emprendedores culturales para participar de actividades empresariales, formativas y culturales; un mercado que promueve rondas de negocios, presentaciones art\u00edsticas con fines comerciales -showcases-, actividades de networking, conferencias, charlas, paneles, mentor\u00edas y talleres<\/p>\n<p>Es organizado por el Ministerio de Cultura de la Rep\u00fablica Federativa de Brasil a partir de una iniciativa conjunta entre la Secretar\u00eda Especial de Cultura, vinculada al Ministerio de Turismo de Brasil, y la Organizaci\u00f3n de Estados Iberoamericanos para la Educaci\u00f3n, la Ciencia y la Cultura \u2013 OEI-<\/p>\n<p>En esta ocasi\u00f3n, Argentina ser\u00e1 el pa\u00eds invitado de honor del Mercado Brasile\u00f1o de Industrias Culturales -MICBR 2023-, profundizando as\u00ed su relaci\u00f3n bilateral en materia de cultura para impulsar los intercambios comerciales, art\u00edsticos e intelectuales entre ambos pa\u00edses y promover la asociatividad y complementariedad de las cadenas de valor de nuestra econom\u00eda cultural; una convocatoria enfocada a fortalecer v\u00ednculos para la culminaci\u00f3n de negocios.<\/p>\n","protected":false},"excerpt":{"rendered":"<p>Dos proyectos catamarque\u00f1os fueron seleccionados para integrar la delegaci\u00f3n argentina que participar\u00e1 del Mercado Brasile\u00f1o de Industrias Culturales (MICBR) 2023,<\/p>\n","protected":false},"author":1,"featured_media":8981,"comment_status":"closed","ping_status":"closed","sticky":false,"template":"","format":"standard","meta":{"footnotes":"","jetpack_publicize_message":"","jetpack_publicize_feature_enabled":true,"jetpack_social_post_already_shared":true,"jetpack_social_options":{"image_generator_settings":{"template":"highway","enabled":false},"version":2}},"categories":[3],"tags":[],"class_list":["post-8980","post","type-post","status-publish","format-standard","has-post-thumbnail","hentry","category-sociedad"],"jetpack_publicize_connections":[],"_links":{"self":[{"href":"https:\/\/diariorepublica.com.ar\/web\/index.php\/wp-json\/wp\/v2\/posts\/8980"}],"collection":[{"href":"https:\/\/diariorepublica.com.ar\/web\/index.php\/wp-json\/wp\/v2\/posts"}],"about":[{"href":"https:\/\/diariorepublica.com.ar\/web\/index.php\/wp-json\/wp\/v2\/types\/post"}],"author":[{"embeddable":true,"href":"https:\/\/diariorepublica.com.ar\/web\/index.php\/wp-json\/wp\/v2\/users\/1"}],"replies":[{"embeddable":true,"href":"https:\/\/diariorepublica.com.ar\/web\/index.php\/wp-json\/wp\/v2\/comments?post=8980"}],"version-history":[{"count":1,"href":"https:\/\/diariorepublica.com.ar\/web\/index.php\/wp-json\/wp\/v2\/posts\/8980\/revisions"}],"predecessor-version":[{"id":8982,"href":"https:\/\/diariorepublica.com.ar\/web\/index.php\/wp-json\/wp\/v2\/posts\/8980\/revisions\/8982"}],"wp:featuredmedia":[{"embeddable":true,"href":"https:\/\/diariorepublica.com.ar\/web\/index.php\/wp-json\/wp\/v2\/media\/8981"}],"wp:attachment":[{"href":"https:\/\/diariorepublica.com.ar\/web\/index.php\/wp-json\/wp\/v2\/media?parent=8980"}],"wp:term":[{"taxonomy":"category","embeddable":true,"href":"https:\/\/diariorepublica.com.ar\/web\/index.php\/wp-json\/wp\/v2\/categories?post=8980"},{"taxonomy":"post_tag","embeddable":true,"href":"https:\/\/diariorepublica.com.ar\/web\/index.php\/wp-json\/wp\/v2\/tags?post=8980"}],"curies":[{"name":"wp","href":"https:\/\/api.w.org\/{rel}","templated":true}]}}