{"id":8983,"date":"2023-10-27T10:24:33","date_gmt":"2023-10-27T13:24:33","guid":{"rendered":"https:\/\/diariorepublica.com.ar\/web\/?p=8983"},"modified":"2023-10-27T10:24:34","modified_gmt":"2023-10-27T13:24:34","slug":"macri-hoy-el-que-lidera-la-propuesta-del-cambio-es-javier-milei","status":"publish","type":"post","link":"https:\/\/diariorepublica.com.ar\/web\/index.php\/politica\/2023\/10\/27\/macri-hoy-el-que-lidera-la-propuesta-del-cambio-es-javier-milei\/","title":{"rendered":"Macri: \u00abHoy el que lidera la propuesta del cambio es Javier Milei\u00bb"},"content":{"rendered":"<div class=\"small-12\">\n<div class=\"main_media_container\">\n<div class=\"e-post-loading\">\n<div class=\"e-spinner\">\n<div class=\"rect1\"><\/div>\n<div class=\"rect2\"><\/div>\n<div class=\"rect3\"><\/div>\n<\/div>\n<\/div>\n<div class=\"e-post-images-prominent\">\n<div class=\"owl-carousel owl-theme owl-loaded owl-drag\">\n<div class=\"owl-stage-outer\">\n<div class=\"owl-stage\">\n<div class=\"owl-item active\">\n<div class=\"item\"><img decoding=\"async\" class=\"e-card-img\" src=\"https:\/\/telefe-static2.akamaized.net\/media\/514732\/macri-milei.jpg?v=20231027083458000&amp;format=extraLarge&amp;width=929&amp;height=523&amp;mode=crop\" alt=\"e-card\" data-interchange=\"[https:\/\/telefe-static2.akamaized.net\/media\/514732\/macri-milei.jpg?v=20231027083458000&amp;format=medium&amp;width=300&amp;height=169&amp;mode=crop, (small)],[https:\/\/telefe-static2.akamaized.net\/media\/514732\/macri-milei.jpg?v=20231027083458000&amp;format=extraLarge&amp;width=929&amp;height=523&amp;mode=crop, (medium)]\" data-uuid=\"interchange-lo8n8fmq3\" \/><\/div>\n<\/div>\n<\/div>\n<\/div>\n<\/div>\n<\/div>\n<\/div>\n<\/div>\n<div class=\"small-12 medium-12 large-12 columns \">\n<div class=\"e-post-text\">\n<p>El expresidente Mauricio Macri reafirm\u00f3 su apoyo al candidato de La Libertad Avanza, Javier Milei, camino a la segunda vuelta que disputar\u00e1 el 19 de noviembre con Sergio Massa.\u00a0\u00abHoy,\u00a0el que lidera la propuesta del cambio es Javier Milei\u00bb,\u00a0ratific\u00f3 en declaraciones radiales.<\/p>\n<p>En una entrevista radial, remarc\u00f3 que\u00a0\u00abhay que tener la humildad de reconocer que la gente opt\u00f3 para conducir al cambio a Milei\u00bb.<\/p>\n<p>Adem\u00e1s, asergur\u00f3 que \u00abes el \u00fanico camino que tiene la Argentina hoy\u00bb.<\/p>\n<p>Respecto a su respaldo al candidato libertario, el exmandatario se\u00f1al\u00f3: \u00abEs un apoyo incondicional. No hemos pedido nada. No se habl\u00f3 de ning\u00fan cargo. Fuimos a la reuni\u00f3n (con Milei) no para un toma y daca\u00bb.<\/p>\n<p>Sobre la virtual ruptura de Juntos por el Cambio, Macri afirm\u00f3\u00a0que \u00absigue estando ah\u00ed\u00bb y \u00abes el mismo con sus problemas, con sus conflictos internos que hemos sabido llevar en funci\u00f3n de cuidar la rep\u00fablica\u00bb.<\/p>\n<p>Tambi\u00e9n apoy\u00f3 a\u00a0Patricia Bullrich, que tambi\u00e9n expres\u00f3 su respaldo a Milei. \u00abElla fue nuestra candidata a presidenta, ella gan\u00f3 una interna a un conjunto de dirigentes importantes. Ella gan\u00f3, \u00bfc\u00f3mo pueden seguir falt\u00e1ndole el respeto cuando mostr\u00f3 su liderazgo?\u00bb, se pregunt\u00f3.<\/p>\n<p>En la entrevista, Macri cuestion\u00f3 tambi\u00e9n a dirigentes radicales como Gerardo Morales, Mart\u00edn Lousteau y Emiliano Yacobitti: \u00abLe pidieron a Patricia que cambiara su discurso el domingo a la noche. Ellos se sienten m\u00e1s c\u00f3modos con (Sergio) Massa que con Milei y que con la misma l\u00ednea del PRO\u00bb.<\/p>\n<p>En tanto, acus\u00f3 a los dirigentes de la Uni\u00f3n C\u00edvica Radical (UCR), Gerardo Morales, Mart\u00edn Lousteau y Emiliano Yacobitti, de haber \u00abestado transando a escondidas\u00bb con el candidato de Uni\u00f3n por la Patria.<\/p>\n<p>\u00abEllos han tenido incontables reuniones con Massa y han transado en contra de los intereses de los argentinos. No pueden decir nada\u00bb, dijo el exmandatario sobre el rechazo del radicalismo al acuerdo explicitado esta semana con la candidatura de Milei de cara a al segunda vuelta de las elecciones.<\/p>\n<\/div>\n<\/div>\n","protected":false},"excerpt":{"rendered":"<p>El expresidente Mauricio Macri reafirm\u00f3 su apoyo al candidato de La Libertad Avanza, Javier Milei, camino a la segunda vuelta<\/p>\n","protected":false},"author":1,"featured_media":8984,"comment_status":"closed","ping_status":"closed","sticky":false,"template":"","format":"standard","meta":{"footnotes":"","jetpack_publicize_message":"","jetpack_publicize_feature_enabled":true,"jetpack_social_post_already_shared":true,"jetpack_social_options":{"image_generator_settings":{"template":"highway","enabled":false},"version":2}},"categories":[12],"tags":[],"class_list":["post-8983","post","type-post","status-publish","format-standard","has-post-thumbnail","hentry","category-politica"],"jetpack_publicize_connections":[],"_links":{"self":[{"href":"https:\/\/diariorepublica.com.ar\/web\/index.php\/wp-json\/wp\/v2\/posts\/8983"}],"collection":[{"href":"https:\/\/diariorepublica.com.ar\/web\/index.php\/wp-json\/wp\/v2\/posts"}],"about":[{"href":"https:\/\/diariorepublica.com.ar\/web\/index.php\/wp-json\/wp\/v2\/types\/post"}],"author":[{"embeddable":true,"href":"https:\/\/diariorepublica.com.ar\/web\/index.php\/wp-json\/wp\/v2\/users\/1"}],"replies":[{"embeddable":true,"href":"https:\/\/diariorepublica.com.ar\/web\/index.php\/wp-json\/wp\/v2\/comments?post=8983"}],"version-history":[{"count":1,"href":"https:\/\/diariorepublica.com.ar\/web\/index.php\/wp-json\/wp\/v2\/posts\/8983\/revisions"}],"predecessor-version":[{"id":8985,"href":"https:\/\/diariorepublica.com.ar\/web\/index.php\/wp-json\/wp\/v2\/posts\/8983\/revisions\/8985"}],"wp:featuredmedia":[{"embeddable":true,"href":"https:\/\/diariorepublica.com.ar\/web\/index.php\/wp-json\/wp\/v2\/media\/8984"}],"wp:attachment":[{"href":"https:\/\/diariorepublica.com.ar\/web\/index.php\/wp-json\/wp\/v2\/media?parent=8983"}],"wp:term":[{"taxonomy":"category","embeddable":true,"href":"https:\/\/diariorepublica.com.ar\/web\/index.php\/wp-json\/wp\/v2\/categories?post=8983"},{"taxonomy":"post_tag","embeddable":true,"href":"https:\/\/diariorepublica.com.ar\/web\/index.php\/wp-json\/wp\/v2\/tags?post=8983"}],"curies":[{"name":"wp","href":"https:\/\/api.w.org\/{rel}","templated":true}]}}